{"generator":"GNU social 2.0.1-beta0","title":"Conversation","totalItems":1,"items":[{"actor":{"id":"https:\/\/mastodon.social\/users\/ElSaltoDiario","displayName":"El Salto Diario","status_net":{"avatarLinks":[{"url":"https:\/\/bobinas.p4g.club\/theme\/neo-gnu\/default-avatar-profile.png","rel":"avatar","type":"image\/png","width":96,"height":96},{"url":"https:\/\/bobinas.p4g.club\/theme\/neo-gnu\/default-avatar-stream.png","rel":"avatar","type":"image\/png","width":48,"height":48},{"url":"https:\/\/bobinas.p4g.club\/theme\/neo-gnu\/default-avatar-mini.png","rel":"avatar","type":"image\/png","width":24,"height":24}],"profile_info":{"local_id":"24812"}},"image":{"url":"https:\/\/bobinas.p4g.club\/theme\/neo-gnu\/default-avatar-profile.png","rel":"avatar","type":"image\/png","width":96,"height":96},"objectType":"person","summary":"Somos un medio de comunicaci\u00f3n autogestionado, horizontal y asambleario. A\u00fan publicamos en papel.http:\/\/elsaltodiario.com\/suscribirse\/","url":"https:\/\/mastodon.social\/@ElSaltoDiario","portablecontacts_net":{"preferredUsername":"ElSaltoDiario","displayName":"El Salto Diario","note":"Somos un medio de comunicaci\u00f3n autogestionado, horizontal y asambleario. A\u00fan publicamos en papel.http:\/\/elsaltodiario.com\/suscribirse\/"}},"content":"<p>\u2696\ufe0fQuequ\u00e9, imputado por delito de odio por sus palabras sobre el Valle de los Ca\u00eddos y los curas ped\u00f3filos.<\/p><p>El juez Carlos del Valle procesa al humorista Quequ\u00e9 por unas declaraciones en un programa de radio que, seg\u00fan el auto, no suponen \u201cun ejemplo de humor sarc\u00e1stico\u201d sino que incitan al odio.<br \/><a href=\"https:\/\/www.elsaltodiario.com\/libertad-expresion\/humorista-queque-imputado-delito-odio-palabras-valle-caidos-curas-pedofilos?utm_source=mastodon\" rel=\"nofollow\">https:\/\/www.elsaltodiario.com\/libertad-expresion\/humorista-queque-imputado-delito-odio-palabras-valle-caidos-curas-pedofilos?utm_source=mastodon<\/a><\/p><p>\ud83d\udcf7\u00c1lvaro Minguito.<\/p>","generator":{"id":"tag:bobinas.p4g.club,2026-05-01:notice-source:ActivityPub","objectType":"application","status_net":{"source_code":"ActivityPub"}},"id":"https:\/\/mastodon.social\/users\/ElSaltoDiario\/statuses\/114030868906255303","object":{"id":"https:\/\/mastodon.social\/users\/ElSaltoDiario\/statuses\/114030868906255303","objectType":"note","content":"<p>\u2696\ufe0fQuequ\u00e9, imputado por delito de odio por sus palabras sobre el Valle de los Ca\u00eddos y los curas ped\u00f3filos.<\/p><p>El juez Carlos del Valle procesa al humorista Quequ\u00e9 por unas declaraciones en un programa de radio que, seg\u00fan el auto, no suponen \u201cun ejemplo de humor sarc\u00e1stico\u201d sino que incitan al odio.<br \/><a href=\"https:\/\/www.elsaltodiario.com\/libertad-expresion\/humorista-queque-imputado-delito-odio-palabras-valle-caidos-curas-pedofilos?utm_source=mastodon\" rel=\"nofollow\">https:\/\/www.elsaltodiario.com\/libertad-expresion\/humorista-queque-imputado-delito-odio-palabras-valle-caidos-curas-pedofilos?utm_source=mastodon<\/a><\/p><p>\ud83d\udcf7\u00c1lvaro Minguito.<\/p>","url":"https:\/\/mastodon.social\/@ElSaltoDiario\/114030868906255303","status_net":{"notice_id":null}},"to":[{"objectType":"http:\/\/activitystrea.ms\/schema\/1.0\/collection","id":"http:\/\/activityschema.org\/collection\/public"}],"status_net":{"conversation":"tag:bobinas.p4g.club,2009-01-01:objectType=thread:nonce=965300b11877faec","notice_info":{"local_id":"1628064","source":"ActivityPub"}},"published":"2009-01-01T11:47:46+00:00","provider":{"objectType":"service","displayName":"Bobinas P4G","url":"https:\/\/bobinas.p4g.club\/"},"verb":"post","url":"https:\/\/mastodon.social\/@ElSaltoDiario\/114030868906255303"}],"links":[{"url":"https:\/\/bobinas.p4g.club\/conversation\/1105608","rel":"alternate","type":"text\/html"}]}