{"generator":"GNU social 2.0.1-beta0","title":"Conversation","totalItems":2,"items":[{"actor":{"id":"https:\/\/mastodont.cat\/users\/coloco","displayName":"Toni :fed:","status_net":{"avatarLinks":[{"url":"https:\/\/bobinas.p4g.club\/avatar\/4698-96-20200108222747.jpeg","rel":"avatar","type":"image\/jpeg","width":96,"height":96},{"url":"https:\/\/bobinas.p4g.club\/avatar\/4698-48-20200108222740.jpeg","rel":"avatar","type":"image\/jpeg","width":48,"height":48},{"url":"https:\/\/bobinas.p4g.club\/avatar\/4698-24-20200108223204.jpeg","rel":"avatar","type":"image\/jpeg","width":24,"height":24}],"profile_info":{"local_id":"4698"}},"image":{"url":"https:\/\/bobinas.p4g.club\/avatar\/4698-96-20200108222747.jpeg","rel":"avatar","type":"image\/jpeg","width":96,"height":96},"objectType":"person","summary":"Segueixo tot ho que sigui #SoftwareLliureGirona CATALUNYA Benvinguts! CAT\/ESFaig faltes escriguen.Debian 10 + LXDE","url":"https:\/\/mastodont.cat\/@coloco","portablecontacts_net":{"preferredUsername":"coloco","displayName":"Toni :fed:","note":"Segueixo tot ho que sigui #SoftwareLliureGirona CATALUNYA Benvinguts! CAT\/ESFaig faltes escriguen.Debian 10 + LXDE"}},"content":"<p>RT <span class=\"h-card\"><a href=\"https:\/\/mastodont.cat\/@noticiesCAT\" class=\"u-url mention\">@<span>noticiesCAT<\/span><\/a><\/span> Llarena confirma el processament de Puigdemont i 22 encausats m\u00e9s <a href=\"http:\/\/www.elpuntavui.cat\/politica\/article\/17-politica\/1390202-llarena-confirma-el-processament-de-puigdemont-i-22-encausats-mes.html\" rel=\"nofollow\"><span class=\"invisible\">http:\/\/www.<\/span><span class=\"ellipsis\">elpuntavui.cat\/politica\/articl<\/span><span class=\"invisible\">e\/17-politica\/1390202-llarena-confirma-el-processament-de-puigdemont-i-22-encausats-mes.html<\/span><\/a> <a href=\"https:\/\/mastodont.cat\/tags\/pol%C3%ADtica\" class=\"mention hashtag\" rel=\"tag\">#<span>Pol\u00edtica<\/span><\/a><\/p>","generator":{"id":"tag:status.net,2009:notice-source:ostatus","objectType":"application","status_net":{"source_code":"ostatus"}},"id":"https:\/\/mastodont.cat\/users\/coloco\/statuses\/100000179788083083\/activity","object":{"id":"https:\/\/mastodont.cat\/users\/noticiesCAT\/statuses\/99999468948281688","objectType":"note","content":"<p>Llarena confirma el processament de Puigdemont i 22 encausats m\u00e9s <a href=\"http:\/\/www.elpuntavui.cat\/politica\/article\/17-politica\/1390202-llarena-confirma-el-processament-de-puigdemont-i-22-encausats-mes.html\" rel=\"nofollow\"><span class=\"invisible\">http:\/\/www.<\/span><span class=\"ellipsis\">elpuntavui.cat\/politica\/articl<\/span><span class=\"invisible\">e\/17-politica\/1390202-llarena-confirma-el-processament-de-puigdemont-i-22-encausats-mes.html<\/span><\/a> <a href=\"https:\/\/mastodont.cat\/tags\/pol%C3%ADtica\" class=\"mention hashtag\" rel=\"tag\">#<span>Pol\u00edtica<\/span><\/a><\/p>","url":"https:\/\/mastodont.cat\/@noticiesCAT\/99999468948281688","status_net":{"notice_id":null}},"to":[{"objectType":"http:\/\/activitystrea.ms\/schema\/1.0\/collection","id":"http:\/\/activityschema.org\/collection\/public"}],"status_net":{"conversation":"tag:bobinas.p4g.club,2018-05-09:objectType=thread:nonce=60392075309058da","notice_info":{"local_id":"667464","source":"ostatus","repeat_of":"667465"}},"published":"2018-05-09T16:00:49+00:00","provider":{"objectType":"service","displayName":"Bobinas P4G","url":"https:\/\/bobinas.p4g.club\/"},"title":"coloco repeated a notice by noticiesCAT","verb":"share","url":"https:\/\/mastodont.cat\/@coloco\/100000179788083083"},{"actor":{"id":"https:\/\/mastodont.cat\/users\/noticiesCAT","displayName":"not\u00edcies CAT","status_net":{"avatarLinks":[{"url":"https:\/\/bobinas.p4g.club\/avatar\/7910-96-20191106122949.png","rel":"avatar","type":"image\/png","width":96,"height":96},{"url":"https:\/\/bobinas.p4g.club\/avatar\/7910-48-20191106122949.png","rel":"avatar","type":"image\/png","width":48,"height":48},{"url":"https:\/\/bobinas.p4g.club\/avatar\/7910-24-20191106122949.png","rel":"avatar","type":"image\/png","width":24,"height":24}],"profile_info":{"local_id":"7910"}},"image":{"url":"https:\/\/bobinas.p4g.club\/avatar\/7910-96-20191106122949.png","rel":"avatar","type":"image\/png","width":96,"height":96},"objectType":"person","summary":"#not\u00edcies de #Catalunya","url":"https:\/\/mastodont.cat\/@noticiesCAT","portablecontacts_net":{"preferredUsername":"noticiesCAT","displayName":"not\u00edcies CAT","note":"#not\u00edcies de #Catalunya"}},"content":"<p>Llarena confirma el processament de Puigdemont i 22 encausats m\u00e9s <a href=\"http:\/\/www.elpuntavui.cat\/politica\/article\/17-politica\/1390202-llarena-confirma-el-processament-de-puigdemont-i-22-encausats-mes.html\" rel=\"nofollow\"><span class=\"invisible\">http:\/\/www.<\/span><span class=\"ellipsis\">elpuntavui.cat\/politica\/articl<\/span><span class=\"invisible\">e\/17-politica\/1390202-llarena-confirma-el-processament-de-puigdemont-i-22-encausats-mes.html<\/span><\/a> <a href=\"https:\/\/mastodont.cat\/tags\/pol%C3%ADtica\" class=\"mention hashtag\" rel=\"tag\">#<span>Pol\u00edtica<\/span><\/a><\/p>","generator":{"id":"tag:bobinas.p4g.club,2026-04-27:notice-source:share","objectType":"application","status_net":{"source_code":"share"}},"id":"https:\/\/mastodont.cat\/users\/noticiesCAT\/statuses\/99999468948281688","object":{"id":"https:\/\/mastodont.cat\/users\/noticiesCAT\/statuses\/99999468948281688","objectType":"note","content":"<p>Llarena confirma el processament de Puigdemont i 22 encausats m\u00e9s <a href=\"http:\/\/www.elpuntavui.cat\/politica\/article\/17-politica\/1390202-llarena-confirma-el-processament-de-puigdemont-i-22-encausats-mes.html\" rel=\"nofollow\"><span class=\"invisible\">http:\/\/www.<\/span><span class=\"ellipsis\">elpuntavui.cat\/politica\/articl<\/span><span class=\"invisible\">e\/17-politica\/1390202-llarena-confirma-el-processament-de-puigdemont-i-22-encausats-mes.html<\/span><\/a> <a href=\"https:\/\/mastodont.cat\/tags\/pol%C3%ADtica\" class=\"mention hashtag\" rel=\"tag\">#<span>Pol\u00edtica<\/span><\/a><\/p>","url":"https:\/\/mastodont.cat\/@noticiesCAT\/99999468948281688","status_net":{"notice_id":null},"tags":[{"objectType":"http:\/\/activityschema.org\/object\/hashtag","displayName":"politica"}]},"to":[{"objectType":"http:\/\/activitystrea.ms\/schema\/1.0\/collection","id":"http:\/\/activityschema.org\/collection\/public"}],"status_net":{"conversation":"tag:bobinas.p4g.club,2018-05-09:objectType=thread:nonce=60392075309058da","notice_info":{"local_id":"667465","source":"share"}},"published":"2018-05-09T13:00:03+00:00","provider":{"objectType":"service","displayName":"Bobinas P4G","url":"https:\/\/bobinas.p4g.club\/"},"verb":"post","url":"https:\/\/mastodont.cat\/@noticiesCAT\/99999468948281688"}],"links":[{"url":"https:\/\/bobinas.p4g.club\/conversation\/422931","rel":"alternate","type":"text\/html"}]}