{"generator":"GNU social 2.0.1-beta0","title":"Conversation","totalItems":2,"items":[{"actor":{"id":"https:\/\/mastodont.cat\/users\/coloco","displayName":"Toni :fed:","status_net":{"avatarLinks":[{"url":"https:\/\/bobinas.p4g.club\/avatar\/4698-96-20200108222747.jpeg","rel":"avatar","type":"image\/jpeg","width":96,"height":96},{"url":"https:\/\/bobinas.p4g.club\/avatar\/4698-48-20200108222740.jpeg","rel":"avatar","type":"image\/jpeg","width":48,"height":48},{"url":"https:\/\/bobinas.p4g.club\/avatar\/4698-24-20200108223204.jpeg","rel":"avatar","type":"image\/jpeg","width":24,"height":24}],"profile_info":{"local_id":"4698"}},"image":{"url":"https:\/\/bobinas.p4g.club\/avatar\/4698-96-20200108222747.jpeg","rel":"avatar","type":"image\/jpeg","width":96,"height":96},"objectType":"person","summary":"Segueixo tot ho que sigui #SoftwareLliureGirona CATALUNYA Benvinguts! CAT\/ESFaig faltes escriguen.Debian 10 + LXDE","url":"https:\/\/mastodont.cat\/@coloco","portablecontacts_net":{"preferredUsername":"coloco","displayName":"Toni :fed:","note":"Segueixo tot ho que sigui #SoftwareLliureGirona CATALUNYA Benvinguts! CAT\/ESFaig faltes escriguen.Debian 10 + LXDE"}},"content":"<p>RT <span class=\"h-card\"><a href=\"https:\/\/mastodont.cat\/@noticiesCAT\" class=\"u-url mention\">@<span>noticiesCAT<\/span><\/a><\/span> La defensa de l\u2019activista dels CDR reitera a l\u2019Audi\u00e8ncia que els comit\u00e8s no s\u00f3n terroristes <a href=\"http:\/\/www.elpuntavui.cat\/politica\/article\/17-politica\/1393880-la-defensa-de-l-activista-dels-cdr-reitera-a-l-audiencia-que-els-comites-no-son-terroristes.html\" rel=\"nofollow\"><span class=\"invisible\">http:\/\/www.<\/span><span class=\"ellipsis\">elpuntavui.cat\/politica\/articl<\/span><span class=\"invisible\">e\/17-politica\/1393880-la-defensa-de-l-activista-dels-cdr-reitera-a-l-audiencia-que-els-comites-no-son-terroristes.html<\/span><\/a> <a href=\"https:\/\/mastodont.cat\/tags\/pol%C3%ADtica\" class=\"mention hashtag\" rel=\"tag\">#<span>Pol\u00edtica<\/span><\/a><\/p>","generator":{"id":"tag:status.net,2009:notice-source:ostatus","objectType":"application","status_net":{"source_code":"ostatus"}},"id":"https:\/\/mastodont.cat\/users\/coloco\/statuses\/100033272907885815\/activity","object":{"id":"https:\/\/mastodont.cat\/users\/noticiesCAT\/statuses\/100032617104822670","objectType":"note","content":"<p>La defensa de l\u2019activista dels CDR reitera a l\u2019Audi\u00e8ncia que els comit\u00e8s no s\u00f3n terroristes <a href=\"http:\/\/www.elpuntavui.cat\/politica\/article\/17-politica\/1393880-la-defensa-de-l-activista-dels-cdr-reitera-a-l-audiencia-que-els-comites-no-son-terroristes.html\" rel=\"nofollow\"><span class=\"invisible\">http:\/\/www.<\/span><span class=\"ellipsis\">elpuntavui.cat\/politica\/articl<\/span><span class=\"invisible\">e\/17-politica\/1393880-la-defensa-de-l-activista-dels-cdr-reitera-a-l-audiencia-que-els-comites-no-son-terroristes.html<\/span><\/a> <a href=\"https:\/\/mastodont.cat\/tags\/pol%C3%ADtica\" class=\"mention hashtag\" rel=\"tag\">#<span>Pol\u00edtica<\/span><\/a><\/p>","url":"https:\/\/mastodont.cat\/@noticiesCAT\/100032617104822670","status_net":{"notice_id":null}},"to":[{"objectType":"http:\/\/activitystrea.ms\/schema\/1.0\/collection","id":"http:\/\/activityschema.org\/collection\/public"}],"status_net":{"conversation":"tag:bobinas.p4g.club,2018-05-15:objectType=thread:nonce=77a079432858f926","notice_info":{"local_id":"673697","source":"ostatus","repeat_of":"673698"}},"published":"2018-05-15T12:16:50+00:00","provider":{"objectType":"service","displayName":"Bobinas P4G","url":"https:\/\/bobinas.p4g.club\/"},"title":"coloco repeated a notice by noticiesCAT","verb":"share","url":"https:\/\/mastodont.cat\/@coloco\/100033272907885815"},{"actor":{"id":"https:\/\/mastodont.cat\/users\/noticiesCAT","displayName":"not\u00edcies CAT","status_net":{"avatarLinks":[{"url":"https:\/\/bobinas.p4g.club\/avatar\/7910-96-20191106122949.png","rel":"avatar","type":"image\/png","width":96,"height":96},{"url":"https:\/\/bobinas.p4g.club\/avatar\/7910-48-20191106122949.png","rel":"avatar","type":"image\/png","width":48,"height":48},{"url":"https:\/\/bobinas.p4g.club\/avatar\/7910-24-20191106122949.png","rel":"avatar","type":"image\/png","width":24,"height":24}],"profile_info":{"local_id":"7910"}},"image":{"url":"https:\/\/bobinas.p4g.club\/avatar\/7910-96-20191106122949.png","rel":"avatar","type":"image\/png","width":96,"height":96},"objectType":"person","summary":"#not\u00edcies de #Catalunya","url":"https:\/\/mastodont.cat\/@noticiesCAT","portablecontacts_net":{"preferredUsername":"noticiesCAT","displayName":"not\u00edcies CAT","note":"#not\u00edcies de #Catalunya"}},"content":"<p>La defensa de l\u2019activista dels CDR reitera a l\u2019Audi\u00e8ncia que els comit\u00e8s no s\u00f3n terroristes <a href=\"http:\/\/www.elpuntavui.cat\/politica\/article\/17-politica\/1393880-la-defensa-de-l-activista-dels-cdr-reitera-a-l-audiencia-que-els-comites-no-son-terroristes.html\" rel=\"nofollow\"><span class=\"invisible\">http:\/\/www.<\/span><span class=\"ellipsis\">elpuntavui.cat\/politica\/articl<\/span><span class=\"invisible\">e\/17-politica\/1393880-la-defensa-de-l-activista-dels-cdr-reitera-a-l-audiencia-que-els-comites-no-son-terroristes.html<\/span><\/a> <a href=\"https:\/\/mastodont.cat\/tags\/pol%C3%ADtica\" class=\"mention hashtag\" rel=\"tag\">#<span>Pol\u00edtica<\/span><\/a><\/p>","generator":{"id":"tag:bobinas.p4g.club,2026-04-27:notice-source:share","objectType":"application","status_net":{"source_code":"share"}},"id":"https:\/\/mastodont.cat\/users\/noticiesCAT\/statuses\/100032617104822670","object":{"id":"https:\/\/mastodont.cat\/users\/noticiesCAT\/statuses\/100032617104822670","objectType":"note","content":"<p>La defensa de l\u2019activista dels CDR reitera a l\u2019Audi\u00e8ncia que els comit\u00e8s no s\u00f3n terroristes <a href=\"http:\/\/www.elpuntavui.cat\/politica\/article\/17-politica\/1393880-la-defensa-de-l-activista-dels-cdr-reitera-a-l-audiencia-que-els-comites-no-son-terroristes.html\" rel=\"nofollow\"><span class=\"invisible\">http:\/\/www.<\/span><span class=\"ellipsis\">elpuntavui.cat\/politica\/articl<\/span><span class=\"invisible\">e\/17-politica\/1393880-la-defensa-de-l-activista-dels-cdr-reitera-a-l-audiencia-que-els-comites-no-son-terroristes.html<\/span><\/a> <a href=\"https:\/\/mastodont.cat\/tags\/pol%C3%ADtica\" class=\"mention hashtag\" rel=\"tag\">#<span>Pol\u00edtica<\/span><\/a><\/p>","url":"https:\/\/mastodont.cat\/@noticiesCAT\/100032617104822670","status_net":{"notice_id":null},"tags":[{"objectType":"http:\/\/activityschema.org\/object\/hashtag","displayName":"politica"}]},"to":[{"objectType":"http:\/\/activitystrea.ms\/schema\/1.0\/collection","id":"http:\/\/activityschema.org\/collection\/public"}],"status_net":{"conversation":"tag:bobinas.p4g.club,2018-05-15:objectType=thread:nonce=77a079432858f926","notice_info":{"local_id":"673698","source":"share"}},"published":"2018-05-15T09:30:03+00:00","provider":{"objectType":"service","displayName":"Bobinas P4G","url":"https:\/\/bobinas.p4g.club\/"},"verb":"post","url":"https:\/\/mastodont.cat\/@noticiesCAT\/100032617104822670"}],"links":[{"url":"https:\/\/bobinas.p4g.club\/conversation\/426941","rel":"alternate","type":"text\/html"}]}