{"generator":"GNU social 2.0.1-beta0","title":"Conversation","totalItems":2,"items":[{"actor":{"id":"https:\/\/mastodont.cat\/users\/spla","displayName":"spla :senyera: :vim:","status_net":{"avatarLinks":[{"url":"https:\/\/bobinas.p4g.club\/theme\/neo-gnu\/default-avatar-profile.png","rel":"avatar","type":"image\/png","width":96,"height":96},{"url":"https:\/\/bobinas.p4g.club\/avatar\/3388-48-20200807102122.jpeg","rel":"avatar","type":"image\/jpeg","width":48,"height":48},{"url":"https:\/\/bobinas.p4g.club\/avatar\/3388-24-20200807102202.jpeg","rel":"avatar","type":"image\/jpeg","width":24,"height":24}],"profile_info":{"local_id":"3388"}},"image":{"url":"https:\/\/bobinas.p4g.club\/theme\/neo-gnu\/default-avatar-profile.png","rel":"avatar","type":"image\/png","width":96,"height":96},"objectType":"person","summary":"Mantinc el catal\u00e0 arreu dels Pa\u00efsos Catalans. Tamb\u00e9 en les xarxes socials.Vull la independ\u00e8ncia de Catalunya.M&#39;encanta programar amb Python.blog: https:\/\/blog.mastodont.cat\/author\/splaxmpp: xmpp:spla@mastodont.catpixelfed: @spla","url":"https:\/\/mastodont.cat\/@spla","portablecontacts_net":{"preferredUsername":"spla","displayName":"spla :senyera: :vim:","note":"Mantinc el catal\u00e0 arreu dels Pa\u00efsos Catalans. Tamb\u00e9 en les xarxes socials.Vull la independ\u00e8ncia de Catalunya.M&#39;encanta programar amb Python.blog: https:\/\/blog.mastodont.cat\/author\/splaxmpp: xmpp:spla@mastodont.catpixelfed: @spla"}},"content":"<p>RT <span class=\"h-card\"><a href=\"https:\/\/mastodont.cat\/@noticiesCAT\" class=\"u-url mention\">@<span>noticiesCAT<\/span><\/a><\/span> Torra: \u201cEls consellers nomenats demanen la llibertat per ser dimecres a Barcelona i prendre possessi\u00f3 del c\u00e0rrec\u201d <a href=\"http:\/\/www.elpuntavui.cat\/politica\/article\/17-politica\/1397681-torra-els-consellers-nomenats-demanen-la-llibertat-per-ser-dimecres-a-barcelona-i-prendre-possessio-del-carrec.html\" rel=\"nofollow\"><span class=\"invisible\">http:\/\/www.<\/span><span class=\"ellipsis\">elpuntavui.cat\/politica\/articl<\/span><span class=\"invisible\">e\/17-politica\/1397681-torra-els-consellers-nomenats-demanen-la-llibertat-per-ser-dimecres-a-barcelona-i-prendre-possessio-del-carrec.html<\/span><\/a> <a href=\"https:\/\/mastodont.cat\/tags\/pol%C3%ADtica\" class=\"mention hashtag\" rel=\"tag\">#<span>Pol\u00edtica<\/span><\/a><\/p>","generator":{"id":"tag:status.net,2009:notice-source:ostatus","objectType":"application","status_net":{"source_code":"ostatus"}},"id":"https:\/\/mastodont.cat\/users\/spla\/statuses\/100066846784438812\/activity","object":{"id":"https:\/\/mastodont.cat\/users\/noticiesCAT\/statuses\/100066826844338601","objectType":"note","content":"<p>Torra: \u201cEls consellers nomenats demanen la llibertat per ser dimecres a Barcelona i prendre possessi\u00f3 del c\u00e0rrec\u201d <a href=\"http:\/\/www.elpuntavui.cat\/politica\/article\/17-politica\/1397681-torra-els-consellers-nomenats-demanen-la-llibertat-per-ser-dimecres-a-barcelona-i-prendre-possessio-del-carrec.html\" rel=\"nofollow\"><span class=\"invisible\">http:\/\/www.<\/span><span class=\"ellipsis\">elpuntavui.cat\/politica\/articl<\/span><span class=\"invisible\">e\/17-politica\/1397681-torra-els-consellers-nomenats-demanen-la-llibertat-per-ser-dimecres-a-barcelona-i-prendre-possessio-del-carrec.html<\/span><\/a> <a href=\"https:\/\/mastodont.cat\/tags\/pol%C3%ADtica\" class=\"mention hashtag\" rel=\"tag\">#<span>Pol\u00edtica<\/span><\/a><\/p>","url":"https:\/\/mastodont.cat\/@noticiesCAT\/100066826844338601","status_net":{"notice_id":null}},"to":[{"objectType":"http:\/\/activitystrea.ms\/schema\/1.0\/collection","id":"http:\/\/activityschema.org\/collection\/public"}],"status_net":{"conversation":"tag:bobinas.p4g.club,2018-05-21:objectType=thread:nonce=b198e89c198cb72c","notice_info":{"local_id":"681314","source":"ostatus","repeat_of":"681315"}},"published":"2018-05-21T10:35:07+00:00","provider":{"objectType":"service","displayName":"Bobinas P4G","url":"https:\/\/bobinas.p4g.club\/"},"title":"spla repeated a notice by noticiesCAT","verb":"share","url":"https:\/\/mastodont.cat\/@spla\/100066846784438812"},{"actor":{"id":"https:\/\/mastodont.cat\/users\/noticiesCAT","displayName":"not\u00edcies CAT","status_net":{"avatarLinks":[{"url":"https:\/\/bobinas.p4g.club\/avatar\/7910-96-20191106122949.png","rel":"avatar","type":"image\/png","width":96,"height":96},{"url":"https:\/\/bobinas.p4g.club\/avatar\/7910-48-20191106122949.png","rel":"avatar","type":"image\/png","width":48,"height":48},{"url":"https:\/\/bobinas.p4g.club\/avatar\/7910-24-20191106122949.png","rel":"avatar","type":"image\/png","width":24,"height":24}],"profile_info":{"local_id":"7910"}},"image":{"url":"https:\/\/bobinas.p4g.club\/avatar\/7910-96-20191106122949.png","rel":"avatar","type":"image\/png","width":96,"height":96},"objectType":"person","summary":"#not\u00edcies de #Catalunya","url":"https:\/\/mastodont.cat\/@noticiesCAT","portablecontacts_net":{"preferredUsername":"noticiesCAT","displayName":"not\u00edcies CAT","note":"#not\u00edcies de #Catalunya"}},"content":"<p>Torra: \u201cEls consellers nomenats demanen la llibertat per ser dimecres a Barcelona i prendre possessi\u00f3 del c\u00e0rrec\u201d <a href=\"http:\/\/www.elpuntavui.cat\/politica\/article\/17-politica\/1397681-torra-els-consellers-nomenats-demanen-la-llibertat-per-ser-dimecres-a-barcelona-i-prendre-possessio-del-carrec.html\" rel=\"nofollow\"><span class=\"invisible\">http:\/\/www.<\/span><span class=\"ellipsis\">elpuntavui.cat\/politica\/articl<\/span><span class=\"invisible\">e\/17-politica\/1397681-torra-els-consellers-nomenats-demanen-la-llibertat-per-ser-dimecres-a-barcelona-i-prendre-possessio-del-carrec.html<\/span><\/a> <a href=\"https:\/\/mastodont.cat\/tags\/pol%C3%ADtica\" class=\"mention hashtag\" rel=\"tag\">#<span>Pol\u00edtica<\/span><\/a><\/p>","generator":{"id":"tag:bobinas.p4g.club,2026-04-27:notice-source:share","objectType":"application","status_net":{"source_code":"share"}},"id":"https:\/\/mastodont.cat\/users\/noticiesCAT\/statuses\/100066826844338601","object":{"id":"https:\/\/mastodont.cat\/users\/noticiesCAT\/statuses\/100066826844338601","objectType":"note","content":"<p>Torra: \u201cEls consellers nomenats demanen la llibertat per ser dimecres a Barcelona i prendre possessi\u00f3 del c\u00e0rrec\u201d <a href=\"http:\/\/www.elpuntavui.cat\/politica\/article\/17-politica\/1397681-torra-els-consellers-nomenats-demanen-la-llibertat-per-ser-dimecres-a-barcelona-i-prendre-possessio-del-carrec.html\" rel=\"nofollow\"><span class=\"invisible\">http:\/\/www.<\/span><span class=\"ellipsis\">elpuntavui.cat\/politica\/articl<\/span><span class=\"invisible\">e\/17-politica\/1397681-torra-els-consellers-nomenats-demanen-la-llibertat-per-ser-dimecres-a-barcelona-i-prendre-possessio-del-carrec.html<\/span><\/a> <a href=\"https:\/\/mastodont.cat\/tags\/pol%C3%ADtica\" class=\"mention hashtag\" rel=\"tag\">#<span>Pol\u00edtica<\/span><\/a><\/p>","url":"https:\/\/mastodont.cat\/@noticiesCAT\/100066826844338601","status_net":{"notice_id":null},"tags":[{"objectType":"http:\/\/activityschema.org\/object\/hashtag","displayName":"politica"}]},"to":[{"objectType":"http:\/\/activitystrea.ms\/schema\/1.0\/collection","id":"http:\/\/activityschema.org\/collection\/public"}],"status_net":{"conversation":"tag:bobinas.p4g.club,2018-05-21:objectType=thread:nonce=b198e89c198cb72c","notice_info":{"local_id":"681315","source":"share"}},"published":"2018-05-21T10:30:03+00:00","provider":{"objectType":"service","displayName":"Bobinas P4G","url":"https:\/\/bobinas.p4g.club\/"},"verb":"post","url":"https:\/\/mastodont.cat\/@noticiesCAT\/100066826844338601"}],"links":[{"url":"https:\/\/bobinas.p4g.club\/conversation\/431596","rel":"alternate","type":"text\/html"}]}