{"generator":"GNU social 2.0.1-beta0","title":"Conversation","totalItems":4,"items":[{"actor":{"id":"https:\/\/mastodont.cat\/users\/spla","displayName":"spla :senyera: :vim:","status_net":{"avatarLinks":[{"url":"https:\/\/bobinas.p4g.club\/theme\/neo-gnu\/default-avatar-profile.png","rel":"avatar","type":"image\/png","width":96,"height":96},{"url":"https:\/\/bobinas.p4g.club\/avatar\/3388-48-20200807102122.jpeg","rel":"avatar","type":"image\/jpeg","width":48,"height":48},{"url":"https:\/\/bobinas.p4g.club\/avatar\/3388-24-20200807102202.jpeg","rel":"avatar","type":"image\/jpeg","width":24,"height":24}],"profile_info":{"local_id":"3388"}},"image":{"url":"https:\/\/bobinas.p4g.club\/theme\/neo-gnu\/default-avatar-profile.png","rel":"avatar","type":"image\/png","width":96,"height":96},"objectType":"person","summary":"Mantinc el catal\u00e0 arreu dels Pa\u00efsos Catalans. Tamb\u00e9 en les xarxes socials.Vull la independ\u00e8ncia de Catalunya.M&#39;encanta programar amb Python.blog: https:\/\/blog.mastodont.cat\/author\/splaxmpp: xmpp:spla@mastodont.catpixelfed: @spla","url":"https:\/\/mastodont.cat\/@spla","portablecontacts_net":{"preferredUsername":"spla","displayName":"spla :senyera: :vim:","note":"Mantinc el catal\u00e0 arreu dels Pa\u00efsos Catalans. Tamb\u00e9 en les xarxes socials.Vull la independ\u00e8ncia de Catalunya.M&#39;encanta programar amb Python.blog: https:\/\/blog.mastodont.cat\/author\/splaxmpp: xmpp:spla@mastodont.catpixelfed: @spla"}},"content":"<p><span class=\"h-card\"><a href=\"https:\/\/mastodont.cat\/@noticiesCAT\" class=\"u-url mention\">@<span>noticiesCAT<\/span><\/a><\/span> a cap els importa el m\u00e9s m\u00ednim el seu pa\u00eds, nom\u00e9s volen agafar poder i\/o perpetuar se en ell per beneficiar als del ibex35. <br \/>Al poble espanyol que el donguin pel sac.<\/p>","generator":{"id":"tag:status.net,2009:notice-source:ostatus","objectType":"application","status_net":{"source_code":"ostatus"}},"id":"https:\/\/mastodont.cat\/users\/spla\/statuses\/100106108003641227","object":{"id":"https:\/\/mastodont.cat\/users\/spla\/statuses\/100106108003641227","objectType":"comment","content":"<p><span class=\"h-card\"><a href=\"https:\/\/mastodont.cat\/@noticiesCAT\" class=\"u-url mention\">@<span>noticiesCAT<\/span><\/a><\/span> a cap els importa el m\u00e9s m\u00ednim el seu pa\u00eds, nom\u00e9s volen agafar poder i\/o perpetuar se en ell per beneficiar als del ibex35. <br \/>Al poble espanyol que el donguin pel sac.<\/p>","url":"https:\/\/mastodont.cat\/@spla\/100106108003641227","status_net":{"notice_id":null},"inReplyTo":{"objectType":"note","id":"https:\/\/mastodont.cat\/users\/spla\/statuses\/100106098112843521","url":"https:\/\/mastodont.cat\/@spla\/100106098112843521"}},"to":[{"objectType":"http:\/\/activitystrea.ms\/schema\/1.0\/collection","id":"http:\/\/activityschema.org\/collection\/public"}],"status_net":{"conversation":"tag:bobinas.p4g.club,2018-05-28:objectType=thread:nonce=a73a19f0a92f32ea","notice_info":{"local_id":"689711","source":"ostatus"}},"published":"2018-05-28T08:59:45+00:00","provider":{"objectType":"service","displayName":"Bobinas P4G","url":"https:\/\/bobinas.p4g.club\/"},"verb":"post","url":"https:\/\/mastodont.cat\/@spla\/100106108003641227"},{"actor":{"id":"https:\/\/mastodont.cat\/users\/spla","displayName":"spla :senyera: :vim:","status_net":{"avatarLinks":[{"url":"https:\/\/bobinas.p4g.club\/theme\/neo-gnu\/default-avatar-profile.png","rel":"avatar","type":"image\/png","width":96,"height":96},{"url":"https:\/\/bobinas.p4g.club\/avatar\/3388-48-20200807102122.jpeg","rel":"avatar","type":"image\/jpeg","width":48,"height":48},{"url":"https:\/\/bobinas.p4g.club\/avatar\/3388-24-20200807102202.jpeg","rel":"avatar","type":"image\/jpeg","width":24,"height":24}],"profile_info":{"local_id":"3388"}},"image":{"url":"https:\/\/bobinas.p4g.club\/theme\/neo-gnu\/default-avatar-profile.png","rel":"avatar","type":"image\/png","width":96,"height":96},"objectType":"person","summary":"Mantinc el catal\u00e0 arreu dels Pa\u00efsos Catalans. Tamb\u00e9 en les xarxes socials.Vull la independ\u00e8ncia de Catalunya.M&#39;encanta programar amb Python.blog: https:\/\/blog.mastodont.cat\/author\/splaxmpp: xmpp:spla@mastodont.catpixelfed: @spla","url":"https:\/\/mastodont.cat\/@spla","portablecontacts_net":{"preferredUsername":"spla","displayName":"spla :senyera: :vim:","note":"Mantinc el catal\u00e0 arreu dels Pa\u00efsos Catalans. Tamb\u00e9 en les xarxes socials.Vull la independ\u00e8ncia de Catalunya.M&#39;encanta programar amb Python.blog: https:\/\/blog.mastodont.cat\/author\/splaxmpp: xmpp:spla@mastodont.catpixelfed: @spla"}},"content":"<p><span class=\"h-card\"><a href=\"https:\/\/mastodont.cat\/@noticiesCAT\" class=\"u-url mention\">@<span>noticiesCAT<\/span><\/a><\/span> \ud83e\udd14<br \/>el Gobierno s\u2019ha guanyat de sobres una moci\u00f3 de censura i que el fotin fora.<br \/>Tant es que sigui inviable el govern del PSOE, la seva missi\u00f3 hauria de ser convocar eleccions el m\u00e9s aviat possible per\u00f2 primer cal fer passar els corruptes del PP per la moci\u00f3 de censura per que quedi registrat oficialment que qui la fa la paga.<br \/>C\u2019s el que en realitat vol es seguir protegint al PP i sobre tot aprofitar el moment bo en les enquestes per guanyar ells unes eleccions.<\/p>","generator":{"id":"tag:status.net,2009:notice-source:ostatus","objectType":"application","status_net":{"source_code":"ostatus"}},"id":"https:\/\/mastodont.cat\/users\/spla\/statuses\/100106098112843521","object":{"id":"https:\/\/mastodont.cat\/users\/spla\/statuses\/100106098112843521","objectType":"comment","content":"<p><span class=\"h-card\"><a href=\"https:\/\/mastodont.cat\/@noticiesCAT\" class=\"u-url mention\">@<span>noticiesCAT<\/span><\/a><\/span> \ud83e\udd14<br \/>el Gobierno s\u2019ha guanyat de sobres una moci\u00f3 de censura i que el fotin fora.<br \/>Tant es que sigui inviable el govern del PSOE, la seva missi\u00f3 hauria de ser convocar eleccions el m\u00e9s aviat possible per\u00f2 primer cal fer passar els corruptes del PP per la moci\u00f3 de censura per que quedi registrat oficialment que qui la fa la paga.<br \/>C\u2019s el que en realitat vol es seguir protegint al PP i sobre tot aprofitar el moment bo en les enquestes per guanyar ells unes eleccions.<\/p>","url":"https:\/\/mastodont.cat\/@spla\/100106098112843521","status_net":{"notice_id":null},"inReplyTo":{"objectType":"note","id":"https:\/\/mastodont.cat\/users\/noticiesCAT\/statuses\/100105991184025893","url":"https:\/\/mastodont.cat\/@noticiesCAT\/100105991184025893"}},"to":[{"objectType":"http:\/\/activitystrea.ms\/schema\/1.0\/collection","id":"http:\/\/activityschema.org\/collection\/public"}],"status_net":{"conversation":"tag:bobinas.p4g.club,2018-05-28:objectType=thread:nonce=a73a19f0a92f32ea","notice_info":{"local_id":"689704","source":"ostatus"}},"published":"2018-05-28T08:57:15+00:00","provider":{"objectType":"service","displayName":"Bobinas P4G","url":"https:\/\/bobinas.p4g.club\/"},"verb":"post","url":"https:\/\/mastodont.cat\/@spla\/100106098112843521"},{"actor":{"id":"https:\/\/mastodont.cat\/users\/coloco","displayName":"Toni :fed:","status_net":{"avatarLinks":[{"url":"https:\/\/bobinas.p4g.club\/avatar\/4698-96-20200108222747.jpeg","rel":"avatar","type":"image\/jpeg","width":96,"height":96},{"url":"https:\/\/bobinas.p4g.club\/avatar\/4698-48-20200108222740.jpeg","rel":"avatar","type":"image\/jpeg","width":48,"height":48},{"url":"https:\/\/bobinas.p4g.club\/avatar\/4698-24-20200108223204.jpeg","rel":"avatar","type":"image\/jpeg","width":24,"height":24}],"profile_info":{"local_id":"4698"}},"image":{"url":"https:\/\/bobinas.p4g.club\/avatar\/4698-96-20200108222747.jpeg","rel":"avatar","type":"image\/jpeg","width":96,"height":96},"objectType":"person","summary":"Segueixo tot ho que sigui #SoftwareLliureGirona CATALUNYA Benvinguts! CAT\/ESFaig faltes escriguen.Debian 10 + LXDE","url":"https:\/\/mastodont.cat\/@coloco","portablecontacts_net":{"preferredUsername":"coloco","displayName":"Toni :fed:","note":"Segueixo tot ho que sigui #SoftwareLliureGirona CATALUNYA Benvinguts! CAT\/ESFaig faltes escriguen.Debian 10 + LXDE"}},"content":"<p>RT <span class=\"h-card\"><a href=\"https:\/\/mastodont.cat\/@noticiesCAT\" class=\"u-url mention\">@<span>noticiesCAT<\/span><\/a><\/span> Cs veu inviable un govern del PSOE amb 85 diputats i el PP controlant el Senat <a href=\"http:\/\/www.elpuntavui.cat\/politica\/article\/17-politica\/1401915-cs-veu-inviable-un-govern-del-psoe-amb-85-diputats-i-el-pp-controlant-el-senat.html\" rel=\"nofollow\"><span class=\"invisible\">http:\/\/www.<\/span><span class=\"ellipsis\">elpuntavui.cat\/politica\/articl<\/span><span class=\"invisible\">e\/17-politica\/1401915-cs-veu-inviable-un-govern-del-psoe-amb-85-diputats-i-el-pp-controlant-el-senat.html<\/span><\/a> <a href=\"https:\/\/mastodont.cat\/tags\/pol%C3%ADtica\" class=\"mention hashtag\" rel=\"tag\">#<span>Pol\u00edtica<\/span><\/a><\/p>","generator":{"id":"tag:status.net,2009:notice-source:ostatus","objectType":"application","status_net":{"source_code":"ostatus"}},"id":"https:\/\/mastodont.cat\/users\/coloco\/statuses\/100106006669351478\/activity","object":{"id":"https:\/\/mastodont.cat\/users\/noticiesCAT\/statuses\/100105991184025893","objectType":"note","content":"<p>Cs veu inviable un govern del PSOE amb 85 diputats i el PP controlant el Senat <a href=\"http:\/\/www.elpuntavui.cat\/politica\/article\/17-politica\/1401915-cs-veu-inviable-un-govern-del-psoe-amb-85-diputats-i-el-pp-controlant-el-senat.html\" rel=\"nofollow\"><span class=\"invisible\">http:\/\/www.<\/span><span class=\"ellipsis\">elpuntavui.cat\/politica\/articl<\/span><span class=\"invisible\">e\/17-politica\/1401915-cs-veu-inviable-un-govern-del-psoe-amb-85-diputats-i-el-pp-controlant-el-senat.html<\/span><\/a> <a href=\"https:\/\/mastodont.cat\/tags\/pol%C3%ADtica\" class=\"mention hashtag\" rel=\"tag\">#<span>Pol\u00edtica<\/span><\/a><\/p>","url":"https:\/\/mastodont.cat\/@noticiesCAT\/100105991184025893","status_net":{"notice_id":null}},"to":[{"objectType":"http:\/\/activitystrea.ms\/schema\/1.0\/collection","id":"http:\/\/activityschema.org\/collection\/public"}],"status_net":{"conversation":"tag:bobinas.p4g.club,2018-05-28:objectType=thread:nonce=a73a19f0a92f32ea","notice_info":{"local_id":"689663","source":"ostatus","repeat_of":"689664"}},"published":"2018-05-28T08:33:59+00:00","provider":{"objectType":"service","displayName":"Bobinas P4G","url":"https:\/\/bobinas.p4g.club\/"},"title":"coloco repeated a notice by noticiesCAT","verb":"share","url":"https:\/\/mastodont.cat\/@coloco\/100106006669351478"},{"actor":{"id":"https:\/\/mastodont.cat\/users\/noticiesCAT","displayName":"not\u00edcies CAT","status_net":{"avatarLinks":[{"url":"https:\/\/bobinas.p4g.club\/avatar\/7910-96-20191106122949.png","rel":"avatar","type":"image\/png","width":96,"height":96},{"url":"https:\/\/bobinas.p4g.club\/avatar\/7910-48-20191106122949.png","rel":"avatar","type":"image\/png","width":48,"height":48},{"url":"https:\/\/bobinas.p4g.club\/avatar\/7910-24-20191106122949.png","rel":"avatar","type":"image\/png","width":24,"height":24}],"profile_info":{"local_id":"7910"}},"image":{"url":"https:\/\/bobinas.p4g.club\/avatar\/7910-96-20191106122949.png","rel":"avatar","type":"image\/png","width":96,"height":96},"objectType":"person","summary":"#not\u00edcies de #Catalunya","url":"https:\/\/mastodont.cat\/@noticiesCAT","portablecontacts_net":{"preferredUsername":"noticiesCAT","displayName":"not\u00edcies CAT","note":"#not\u00edcies de #Catalunya"}},"content":"<p>Cs veu inviable un govern del PSOE amb 85 diputats i el PP controlant el Senat <a href=\"http:\/\/www.elpuntavui.cat\/politica\/article\/17-politica\/1401915-cs-veu-inviable-un-govern-del-psoe-amb-85-diputats-i-el-pp-controlant-el-senat.html\" rel=\"nofollow\"><span class=\"invisible\">http:\/\/www.<\/span><span class=\"ellipsis\">elpuntavui.cat\/politica\/articl<\/span><span class=\"invisible\">e\/17-politica\/1401915-cs-veu-inviable-un-govern-del-psoe-amb-85-diputats-i-el-pp-controlant-el-senat.html<\/span><\/a> <a href=\"https:\/\/mastodont.cat\/tags\/pol%C3%ADtica\" class=\"mention hashtag\" rel=\"tag\">#<span>Pol\u00edtica<\/span><\/a><\/p>","generator":{"id":"tag:bobinas.p4g.club,2026-04-27:notice-source:share","objectType":"application","status_net":{"source_code":"share"}},"id":"https:\/\/mastodont.cat\/users\/noticiesCAT\/statuses\/100105991184025893","object":{"id":"https:\/\/mastodont.cat\/users\/noticiesCAT\/statuses\/100105991184025893","objectType":"note","content":"<p>Cs veu inviable un govern del PSOE amb 85 diputats i el PP controlant el Senat <a href=\"http:\/\/www.elpuntavui.cat\/politica\/article\/17-politica\/1401915-cs-veu-inviable-un-govern-del-psoe-amb-85-diputats-i-el-pp-controlant-el-senat.html\" rel=\"nofollow\"><span class=\"invisible\">http:\/\/www.<\/span><span class=\"ellipsis\">elpuntavui.cat\/politica\/articl<\/span><span class=\"invisible\">e\/17-politica\/1401915-cs-veu-inviable-un-govern-del-psoe-amb-85-diputats-i-el-pp-controlant-el-senat.html<\/span><\/a> <a href=\"https:\/\/mastodont.cat\/tags\/pol%C3%ADtica\" class=\"mention hashtag\" rel=\"tag\">#<span>Pol\u00edtica<\/span><\/a><\/p>","url":"https:\/\/mastodont.cat\/@noticiesCAT\/100105991184025893","status_net":{"notice_id":null},"tags":[{"objectType":"http:\/\/activityschema.org\/object\/hashtag","displayName":"politica"}]},"to":[{"objectType":"http:\/\/activitystrea.ms\/schema\/1.0\/collection","id":"http:\/\/activityschema.org\/collection\/public"}],"status_net":{"conversation":"tag:bobinas.p4g.club,2018-05-28:objectType=thread:nonce=a73a19f0a92f32ea","notice_info":{"local_id":"689664","source":"share"}},"published":"2018-05-28T08:30:03+00:00","provider":{"objectType":"service","displayName":"Bobinas P4G","url":"https:\/\/bobinas.p4g.club\/"},"verb":"post","url":"https:\/\/mastodont.cat\/@noticiesCAT\/100105991184025893"}],"links":[{"url":"https:\/\/bobinas.p4g.club\/conversation\/437154","rel":"alternate","type":"text\/html"}]}