{"generator":"GNU social 2.0.1-beta0","title":"Conversation","totalItems":2,"items":[{"actor":{"id":"https:\/\/mastodont.cat\/users\/coloco","displayName":"Toni :fed:","status_net":{"avatarLinks":[{"url":"https:\/\/bobinas.p4g.club\/avatar\/4698-96-20200108222747.jpeg","rel":"avatar","type":"image\/jpeg","width":96,"height":96},{"url":"https:\/\/bobinas.p4g.club\/avatar\/4698-48-20200108222740.jpeg","rel":"avatar","type":"image\/jpeg","width":48,"height":48},{"url":"https:\/\/bobinas.p4g.club\/avatar\/4698-24-20200108223204.jpeg","rel":"avatar","type":"image\/jpeg","width":24,"height":24}],"profile_info":{"local_id":"4698"}},"image":{"url":"https:\/\/bobinas.p4g.club\/avatar\/4698-96-20200108222747.jpeg","rel":"avatar","type":"image\/jpeg","width":96,"height":96},"objectType":"person","summary":"Segueixo tot ho que sigui #SoftwareLliureGirona CATALUNYA Benvinguts! CAT\/ESFaig faltes escriguen.Debian 10 + LXDE","url":"https:\/\/mastodont.cat\/@coloco","portablecontacts_net":{"preferredUsername":"coloco","displayName":"Toni :fed:","note":"Segueixo tot ho que sigui #SoftwareLliureGirona CATALUNYA Benvinguts! CAT\/ESFaig faltes escriguen.Debian 10 + LXDE"}},"content":"<p>RT <span class=\"h-card\"><a href=\"https:\/\/mastodont.cat\/@noticiesCAT\" class=\"u-url mention\">@<span>noticiesCAT<\/span><\/a><\/span> Un jutjat prohibeix la difusi\u00f3 del v\u00eddeo de Junqueras i Romeva a la pres\u00f3 <a href=\"http:\/\/www.elpuntavui.cat\/politica\/article\/17-politica\/1411139-un-jutjat-prohibeix-la-difusio-del-video-de-junqueras-i-romeva-a-la-preso.html\" rel=\"nofollow\"><span class=\"invisible\">http:\/\/www.<\/span><span class=\"ellipsis\">elpuntavui.cat\/politica\/articl<\/span><span class=\"invisible\">e\/17-politica\/1411139-un-jutjat-prohibeix-la-difusio-del-video-de-junqueras-i-romeva-a-la-preso.html<\/span><\/a> <a href=\"https:\/\/mastodont.cat\/tags\/pol%C3%ADtica\" class=\"mention hashtag\" rel=\"tag\">#<span>Pol\u00edtica<\/span><\/a><\/p>","generator":{"id":"tag:status.net,2009:notice-source:ostatus","objectType":"application","status_net":{"source_code":"ostatus"}},"id":"https:\/\/mastodont.cat\/users\/coloco\/statuses\/100182174406996301\/activity","object":{"id":"https:\/\/mastodont.cat\/users\/noticiesCAT\/statuses\/100182078462853452","objectType":"note","content":"<p>Un jutjat prohibeix la difusi\u00f3 del v\u00eddeo de Junqueras i Romeva a la pres\u00f3 <a href=\"http:\/\/www.elpuntavui.cat\/politica\/article\/17-politica\/1411139-un-jutjat-prohibeix-la-difusio-del-video-de-junqueras-i-romeva-a-la-preso.html\" rel=\"nofollow\"><span class=\"invisible\">http:\/\/www.<\/span><span class=\"ellipsis\">elpuntavui.cat\/politica\/articl<\/span><span class=\"invisible\">e\/17-politica\/1411139-un-jutjat-prohibeix-la-difusio-del-video-de-junqueras-i-romeva-a-la-preso.html<\/span><\/a> <a href=\"https:\/\/mastodont.cat\/tags\/pol%C3%ADtica\" class=\"mention hashtag\" rel=\"tag\">#<span>Pol\u00edtica<\/span><\/a><\/p>","url":"https:\/\/mastodont.cat\/@noticiesCAT\/100182078462853452","status_net":{"notice_id":null}},"to":[{"objectType":"http:\/\/activitystrea.ms\/schema\/1.0\/collection","id":"http:\/\/activityschema.org\/collection\/public"}],"status_net":{"conversation":"tag:bobinas.p4g.club,2018-06-10:objectType=thread:nonce=293010d1ad104839","notice_info":{"local_id":"708515","source":"ostatus","repeat_of":"708516"}},"published":"2018-06-10T19:24:27+00:00","provider":{"objectType":"service","displayName":"Bobinas P4G","url":"https:\/\/bobinas.p4g.club\/"},"title":"coloco repeated a notice by noticiesCAT","verb":"share","url":"https:\/\/mastodont.cat\/@coloco\/100182174406996301"},{"actor":{"id":"https:\/\/mastodont.cat\/users\/noticiesCAT","displayName":"not\u00edcies CAT","status_net":{"avatarLinks":[{"url":"https:\/\/bobinas.p4g.club\/avatar\/7910-96-20191106122949.png","rel":"avatar","type":"image\/png","width":96,"height":96},{"url":"https:\/\/bobinas.p4g.club\/avatar\/7910-48-20191106122949.png","rel":"avatar","type":"image\/png","width":48,"height":48},{"url":"https:\/\/bobinas.p4g.club\/avatar\/7910-24-20191106122949.png","rel":"avatar","type":"image\/png","width":24,"height":24}],"profile_info":{"local_id":"7910"}},"image":{"url":"https:\/\/bobinas.p4g.club\/avatar\/7910-96-20191106122949.png","rel":"avatar","type":"image\/png","width":96,"height":96},"objectType":"person","summary":"#not\u00edcies de #Catalunya","url":"https:\/\/mastodont.cat\/@noticiesCAT","portablecontacts_net":{"preferredUsername":"noticiesCAT","displayName":"not\u00edcies CAT","note":"#not\u00edcies de #Catalunya"}},"content":"<p>Un jutjat prohibeix la difusi\u00f3 del v\u00eddeo de Junqueras i Romeva a la pres\u00f3 <a href=\"http:\/\/www.elpuntavui.cat\/politica\/article\/17-politica\/1411139-un-jutjat-prohibeix-la-difusio-del-video-de-junqueras-i-romeva-a-la-preso.html\" rel=\"nofollow\"><span class=\"invisible\">http:\/\/www.<\/span><span class=\"ellipsis\">elpuntavui.cat\/politica\/articl<\/span><span class=\"invisible\">e\/17-politica\/1411139-un-jutjat-prohibeix-la-difusio-del-video-de-junqueras-i-romeva-a-la-preso.html<\/span><\/a> <a href=\"https:\/\/mastodont.cat\/tags\/pol%C3%ADtica\" class=\"mention hashtag\" rel=\"tag\">#<span>Pol\u00edtica<\/span><\/a><\/p>","generator":{"id":"tag:bobinas.p4g.club,2026-04-27:notice-source:share","objectType":"application","status_net":{"source_code":"share"}},"id":"https:\/\/mastodont.cat\/users\/noticiesCAT\/statuses\/100182078462853452","object":{"id":"https:\/\/mastodont.cat\/users\/noticiesCAT\/statuses\/100182078462853452","objectType":"note","content":"<p>Un jutjat prohibeix la difusi\u00f3 del v\u00eddeo de Junqueras i Romeva a la pres\u00f3 <a href=\"http:\/\/www.elpuntavui.cat\/politica\/article\/17-politica\/1411139-un-jutjat-prohibeix-la-difusio-del-video-de-junqueras-i-romeva-a-la-preso.html\" rel=\"nofollow\"><span class=\"invisible\">http:\/\/www.<\/span><span class=\"ellipsis\">elpuntavui.cat\/politica\/articl<\/span><span class=\"invisible\">e\/17-politica\/1411139-un-jutjat-prohibeix-la-difusio-del-video-de-junqueras-i-romeva-a-la-preso.html<\/span><\/a> <a href=\"https:\/\/mastodont.cat\/tags\/pol%C3%ADtica\" class=\"mention hashtag\" rel=\"tag\">#<span>Pol\u00edtica<\/span><\/a><\/p>","url":"https:\/\/mastodont.cat\/@noticiesCAT\/100182078462853452","status_net":{"notice_id":null},"tags":[{"objectType":"http:\/\/activityschema.org\/object\/hashtag","displayName":"politica"}]},"to":[{"objectType":"http:\/\/activitystrea.ms\/schema\/1.0\/collection","id":"http:\/\/activityschema.org\/collection\/public"}],"status_net":{"conversation":"tag:bobinas.p4g.club,2018-06-10:objectType=thread:nonce=293010d1ad104839","notice_info":{"local_id":"708516","source":"share"}},"published":"2018-06-10T19:00:03+00:00","provider":{"objectType":"service","displayName":"Bobinas P4G","url":"https:\/\/bobinas.p4g.club\/"},"verb":"post","url":"https:\/\/mastodont.cat\/@noticiesCAT\/100182078462853452"}],"links":[{"url":"https:\/\/bobinas.p4g.club\/conversation\/450256","rel":"alternate","type":"text\/html"}]}