{"generator":"GNU social 2.0.1-beta0","title":"Conversation","totalItems":2,"items":[{"actor":{"id":"https:\/\/mastodont.cat\/users\/Obiols","displayName":"obiols_Mastodont","status_net":{"avatarLinks":[{"url":"https:\/\/bobinas.p4g.club\/avatar\/7692-96-20191105220757.jpeg","rel":"avatar","type":"image\/jpeg","width":96,"height":96},{"url":"https:\/\/bobinas.p4g.club\/avatar\/7692-48-20191105220757.jpeg","rel":"avatar","type":"image\/jpeg","width":48,"height":48},{"url":"https:\/\/bobinas.p4g.club\/avatar\/7692-24-20191105220757.jpeg","rel":"avatar","type":"image\/jpeg","width":24,"height":24}],"profile_info":{"local_id":"7692"}},"image":{"url":"https:\/\/bobinas.p4g.club\/avatar\/7692-96-20191105220757.jpeg","rel":"avatar","type":"image\/jpeg","width":96,"height":96},"objectType":"person","summary":"v","url":"https:\/\/mastodont.cat\/@Obiols","portablecontacts_net":{"preferredUsername":"Obiols","displayName":"obiols_Mastodont","note":"v"}},"content":"<p>RT <span class=\"h-card\"><a href=\"https:\/\/mastodont.cat\/@noticiesCAT\" class=\"u-url mention\">@<span>noticiesCAT<\/span><\/a><\/span> El Govern elegir\u00e0 els nous delegats a l\u2019exterior per concurs p\u00fablic <a href=\"http:\/\/www.elpuntavui.cat\/politica\/article\/17-politica\/1414184-el-govern-elegira-els-nous-delegats-a-l-exterior-per-concurs-public.html\" rel=\"nofollow\"><span class=\"invisible\">http:\/\/www.<\/span><span class=\"ellipsis\">elpuntavui.cat\/politica\/articl<\/span><span class=\"invisible\">e\/17-politica\/1414184-el-govern-elegira-els-nous-delegats-a-l-exterior-per-concurs-public.html<\/span><\/a> <a href=\"https:\/\/mastodont.cat\/tags\/pol%C3%ADtica\" class=\"mention hashtag\" rel=\"tag\">#<span>Pol\u00edtica<\/span><\/a><\/p>","generator":{"id":"tag:status.net,2009:notice-source:ostatus","objectType":"application","status_net":{"source_code":"ostatus"}},"id":"https:\/\/mastodont.cat\/users\/Obiols\/statuses\/100208327081097384\/activity","object":{"id":"https:\/\/mastodont.cat\/users\/noticiesCAT\/statuses\/100208148717019031","objectType":"note","content":"<p>El Govern elegir\u00e0 els nous delegats a l\u2019exterior per concurs p\u00fablic <a href=\"http:\/\/www.elpuntavui.cat\/politica\/article\/17-politica\/1414184-el-govern-elegira-els-nous-delegats-a-l-exterior-per-concurs-public.html\" rel=\"nofollow\"><span class=\"invisible\">http:\/\/www.<\/span><span class=\"ellipsis\">elpuntavui.cat\/politica\/articl<\/span><span class=\"invisible\">e\/17-politica\/1414184-el-govern-elegira-els-nous-delegats-a-l-exterior-per-concurs-public.html<\/span><\/a> <a href=\"https:\/\/mastodont.cat\/tags\/pol%C3%ADtica\" class=\"mention hashtag\" rel=\"tag\">#<span>Pol\u00edtica<\/span><\/a><\/p>","url":"https:\/\/mastodont.cat\/@noticiesCAT\/100208148717019031","status_net":{"notice_id":null}},"to":[{"objectType":"http:\/\/activitystrea.ms\/schema\/1.0\/collection","id":"http:\/\/activityschema.org\/collection\/public"}],"status_net":{"conversation":"tag:bobinas.p4g.club,2018-06-15:objectType=thread:nonce=021ea251bec63a03","notice_info":{"local_id":"713990","source":"ostatus","repeat_of":"713991"}},"published":"2018-06-15T10:15:25+00:00","provider":{"objectType":"service","displayName":"Bobinas P4G","url":"https:\/\/bobinas.p4g.club\/"},"title":"Obiols repeated a notice by noticiesCAT","verb":"share","url":"https:\/\/mastodont.cat\/@Obiols\/100208327081097384"},{"actor":{"id":"https:\/\/mastodont.cat\/users\/noticiesCAT","displayName":"not\u00edcies CAT","status_net":{"avatarLinks":[{"url":"https:\/\/bobinas.p4g.club\/avatar\/7910-96-20191106122949.png","rel":"avatar","type":"image\/png","width":96,"height":96},{"url":"https:\/\/bobinas.p4g.club\/avatar\/7910-48-20191106122949.png","rel":"avatar","type":"image\/png","width":48,"height":48},{"url":"https:\/\/bobinas.p4g.club\/avatar\/7910-24-20191106122949.png","rel":"avatar","type":"image\/png","width":24,"height":24}],"profile_info":{"local_id":"7910"}},"image":{"url":"https:\/\/bobinas.p4g.club\/avatar\/7910-96-20191106122949.png","rel":"avatar","type":"image\/png","width":96,"height":96},"objectType":"person","summary":"#not\u00edcies de #Catalunya","url":"https:\/\/mastodont.cat\/@noticiesCAT","portablecontacts_net":{"preferredUsername":"noticiesCAT","displayName":"not\u00edcies CAT","note":"#not\u00edcies de #Catalunya"}},"content":"<p>El Govern elegir\u00e0 els nous delegats a l\u2019exterior per concurs p\u00fablic <a href=\"http:\/\/www.elpuntavui.cat\/politica\/article\/17-politica\/1414184-el-govern-elegira-els-nous-delegats-a-l-exterior-per-concurs-public.html\" rel=\"nofollow\"><span class=\"invisible\">http:\/\/www.<\/span><span class=\"ellipsis\">elpuntavui.cat\/politica\/articl<\/span><span class=\"invisible\">e\/17-politica\/1414184-el-govern-elegira-els-nous-delegats-a-l-exterior-per-concurs-public.html<\/span><\/a> <a href=\"https:\/\/mastodont.cat\/tags\/pol%C3%ADtica\" class=\"mention hashtag\" rel=\"tag\">#<span>Pol\u00edtica<\/span><\/a><\/p>","generator":{"id":"tag:bobinas.p4g.club,2026-04-26:notice-source:share","objectType":"application","status_net":{"source_code":"share"}},"id":"https:\/\/mastodont.cat\/users\/noticiesCAT\/statuses\/100208148717019031","object":{"id":"https:\/\/mastodont.cat\/users\/noticiesCAT\/statuses\/100208148717019031","objectType":"note","content":"<p>El Govern elegir\u00e0 els nous delegats a l\u2019exterior per concurs p\u00fablic <a href=\"http:\/\/www.elpuntavui.cat\/politica\/article\/17-politica\/1414184-el-govern-elegira-els-nous-delegats-a-l-exterior-per-concurs-public.html\" rel=\"nofollow\"><span class=\"invisible\">http:\/\/www.<\/span><span class=\"ellipsis\">elpuntavui.cat\/politica\/articl<\/span><span class=\"invisible\">e\/17-politica\/1414184-el-govern-elegira-els-nous-delegats-a-l-exterior-per-concurs-public.html<\/span><\/a> <a href=\"https:\/\/mastodont.cat\/tags\/pol%C3%ADtica\" class=\"mention hashtag\" rel=\"tag\">#<span>Pol\u00edtica<\/span><\/a><\/p>","url":"https:\/\/mastodont.cat\/@noticiesCAT\/100208148717019031","status_net":{"notice_id":null},"tags":[{"objectType":"http:\/\/activityschema.org\/object\/hashtag","displayName":"politica"}]},"to":[{"objectType":"http:\/\/activitystrea.ms\/schema\/1.0\/collection","id":"http:\/\/activityschema.org\/collection\/public"}],"status_net":{"conversation":"tag:bobinas.p4g.club,2018-06-15:objectType=thread:nonce=021ea251bec63a03","notice_info":{"local_id":"713991","source":"share"}},"published":"2018-06-15T09:30:03+00:00","provider":{"objectType":"service","displayName":"Bobinas P4G","url":"https:\/\/bobinas.p4g.club\/"},"verb":"post","url":"https:\/\/mastodont.cat\/@noticiesCAT\/100208148717019031"}],"links":[{"url":"https:\/\/bobinas.p4g.club\/conversation\/454593","rel":"alternate","type":"text\/html"}]}