{"generator":"GNU social 2.0.1-beta0","title":"Conversation","totalItems":3,"items":[{"actor":{"id":"https:\/\/bobinas.p4g.club\/user\/5470","displayName":"Galip (Inactive)","status_net":{"avatarLinks":[{"url":"https:\/\/bobinas.p4g.club\/theme\/neo-gnu\/default-avatar-profile.png","rel":"avatar","type":"image\/png","width":96,"height":96},{"url":"https:\/\/bobinas.p4g.club\/theme\/neo-gnu\/default-avatar-stream.png","rel":"avatar","type":"image\/png","width":48,"height":48},{"url":"https:\/\/bobinas.p4g.club\/theme\/neo-gnu\/default-avatar-mini.png","rel":"avatar","type":"image\/png","width":24,"height":24}],"profile_info":{"local_id":"5470"}},"image":{"url":"https:\/\/bobinas.p4g.club\/theme\/neo-gnu\/default-avatar-profile.png","rel":"avatar","type":"image\/png","width":96,"height":96},"objectType":"person","summary":"MOVED TO https:\/\/opensocial.at\/profile\/subca","url":"https:\/\/bobinas.p4g.club\/galipesc","followers":{"url":"https:\/\/bobinas.p4g.club\/galipesc\/subscribers"},"portablecontacts_net":{"preferredUsername":"galipesc","displayName":"Galip (Inactive)","note":"MOVED TO https:\/\/opensocial.at\/profile\/subca"}},"content":"RT @<a href=\"https:\/\/todon.nl\/users\/manuel\" class=\"h-card mention\" title=\"Manuel en todon.nl \ud83d\udcf0 \ud83d\udcda\">manuel<\/a> Paz activa, paz rebelde: un derecho olvidado de los pueblos...   \" Colombia ha sido vanguardia en la b\u00fasqueda de la paz, pero tambi\u00e9n supo ser trinchera de la tiran\u00eda como ahora lo es del fascismo, se\u00f1ala en este art\u00edculo Isaac Garc\u00eda*, de la Universidad Francisco de Paula Santander, C\u00facuta. La reivindicaci\u00f3n del derecho a la rebeli\u00f3n. \"La paz rebelde es la respuesta a la \u00b4pacificaci\u00f3n\u00b4 violenta de las \u00e9lites <a href=\"http:\/\/lanzasyletras.org\/2018\/10\/02\/la-paz-rebelde-es-la-respuesta-a-la-pacificacion-violenta-de-las-elites\/\" title=\"http:\/\/lanzasyletras.org\/2018\/10\/02\/la-paz-rebelde-es-la-respuesta-a-la-pacificacion-violenta-de-las-elites\/\" class=\"attachment thumbnail\" rel=\"nofollow\">https:\/\/bobinas.p4g.club\/url\/282642<\/a>","generator":{"id":"tag:status.net,2009:notice-source:api","objectType":"application","status_net":{"source_code":"api"}},"id":"tag:bobinas.p4g.club,2018-10-07:noticeId=866119:objectType=note","object":{"id":"https:\/\/todon.nl\/users\/manuel\/statuses\/100853050837327388","objectType":"note","content":"<p>Paz activa, paz rebelde: un derecho olvidado de los pueblos...<\/p><p>   \" Colombia ha sido vanguardia en la b\u00fasqueda de la paz, pero tambi\u00e9n supo ser trinchera de la tiran\u00eda como ahora lo es del fascismo, se\u00f1ala en este art\u00edculo Isaac Garc\u00eda*, de la Universidad Francisco de Paula Santander, C\u00facuta. La reivindicaci\u00f3n del derecho a la rebeli\u00f3n. \"<\/p><p>La paz rebelde es la respuesta a la \u00b4pacificaci\u00f3n\u00b4 violenta de las \u00e9lites <a href=\"http:\/\/lanzasyletras.org\/2018\/10\/02\/la-paz-rebelde-es-la-respuesta-a-la-pacificacion-violenta-de-las-elites\/\" rel=\"nofollow\"><span class=\"invisible\">http:\/\/<\/span><span class=\"ellipsis\">lanzasyletras.org\/2018\/10\/02\/l<\/span><span class=\"invisible\">a-paz-rebelde-es-la-respuesta-a-la-pacificacion-violenta-de-las-elites\/<\/span><\/a><\/p>","url":"https:\/\/todon.nl\/@manuel\/100853050837327388","status_net":{"notice_id":null}},"to":[{"objectType":"http:\/\/activitystrea.ms\/schema\/1.0\/collection","id":"http:\/\/activityschema.org\/collection\/public"}],"status_net":{"conversation":"tag:bobinas.p4g.club,2018-10-07:objectType=thread:nonce=d1f4061b5169a2c8","notice_info":{"local_id":"866119","source":"api","repeat_of":"865046"}},"published":"2018-10-07T22:43:34+00:00","provider":{"objectType":"service","displayName":"Bobinas P4G","url":"https:\/\/bobinas.p4g.club\/"},"title":"galipesc repeated a notice by manuel","verb":"share","url":"https:\/\/bobinas.p4g.club\/notice\/866119"},{"actor":{"id":"https:\/\/todon.nl\/users\/hermesgabriel","displayName":"V\u00edctor Gabriel \ud83c\udf99\ufe0f\ud83d\udcf7\ud83d\udcf0\ud83d\udce1","status_net":{"avatarLinks":[{"url":"https:\/\/bobinas.p4g.club\/avatar\/4551-96-20191021222219.jpeg","rel":"avatar","type":"image\/jpeg","width":96,"height":96},{"url":"https:\/\/bobinas.p4g.club\/avatar\/4551-48-20191021222219.jpeg","rel":"avatar","type":"image\/jpeg","width":48,"height":48},{"url":"https:\/\/bobinas.p4g.club\/avatar\/4551-24-20191021222219.jpeg","rel":"avatar","type":"image\/jpeg","width":24,"height":24}],"profile_info":{"local_id":"4551"}},"image":{"url":"https:\/\/bobinas.p4g.club\/avatar\/4551-96-20191021222219.jpeg","rel":"avatar","type":"image\/jpeg","width":96,"height":96},"objectType":"person","summary":"Sol\u00eda poner en la biograf\u00eda que era una persona muy curiosa pero eso me crea mucha curiosidad. \u00bfQu\u00e9 querr\u00e9 decir?","url":"https:\/\/todon.nl\/@hermesgabriel","portablecontacts_net":{"preferredUsername":"hermesgabriel","displayName":"V\u00edctor Gabriel \ud83c\udf99\ufe0f\ud83d\udcf7\ud83d\udcf0\ud83d\udce1","note":"Sol\u00eda poner en la biograf\u00eda que era una persona muy curiosa pero eso me crea mucha curiosidad. \u00bfQu\u00e9 querr\u00e9 decir?"}},"content":"<p>RT <span class=\"h-card\"><a href=\"https:\/\/todon.nl\/@manuel\" class=\"u-url mention\">@<span>manuel<\/span><\/a><\/span> Paz activa, paz rebelde: un derecho olvidado de los pueblos...<\/p><p>   \" Colombia ha sido vanguardia en la b\u00fasqueda de la paz, pero tambi\u00e9n supo ser trinchera de la tiran\u00eda como ahora lo es del fascismo, se\u00f1ala en este art\u00edculo Isaac Garc\u00eda*, de la Universidad Francisco de Paula Santander, C\u00facuta. La reivindicaci\u00f3n del derecho a la rebeli\u00f3n. \"<\/p><p>La paz rebelde es la respuesta a la \u00b4pacificaci\u00f3n\u00b4 violenta de las \u00e9lites <a href=\"http:\/\/lanzasyletras.org\/2018\/10\/02\/la-paz-rebelde-es-la-respuesta-a-la-pacificacion-violenta-de-las-elites\/\" rel=\"nofollow\"><span class=\"invisible\">http:\/\/<\/span><span class=\"ellipsis\">lanzasyletras.org\/2018\/10\/02\/l<\/span><span class=\"invisible\">a-paz-rebelde-es-la-respuesta-a-la-pacificacion-violenta-de-las-elites\/<\/span><\/a><\/p>","generator":{"id":"tag:status.net,2009:notice-source:ostatus","objectType":"application","status_net":{"source_code":"ostatus"}},"id":"https:\/\/todon.nl\/users\/hermesgabriel\/statuses\/100853074716636077\/activity","object":{"id":"https:\/\/todon.nl\/users\/manuel\/statuses\/100853050837327388","objectType":"note","content":"<p>Paz activa, paz rebelde: un derecho olvidado de los pueblos...<\/p><p>   \" Colombia ha sido vanguardia en la b\u00fasqueda de la paz, pero tambi\u00e9n supo ser trinchera de la tiran\u00eda como ahora lo es del fascismo, se\u00f1ala en este art\u00edculo Isaac Garc\u00eda*, de la Universidad Francisco de Paula Santander, C\u00facuta. La reivindicaci\u00f3n del derecho a la rebeli\u00f3n. \"<\/p><p>La paz rebelde es la respuesta a la \u00b4pacificaci\u00f3n\u00b4 violenta de las \u00e9lites <a href=\"http:\/\/lanzasyletras.org\/2018\/10\/02\/la-paz-rebelde-es-la-respuesta-a-la-pacificacion-violenta-de-las-elites\/\" rel=\"nofollow\"><span class=\"invisible\">http:\/\/<\/span><span class=\"ellipsis\">lanzasyletras.org\/2018\/10\/02\/l<\/span><span class=\"invisible\">a-paz-rebelde-es-la-respuesta-a-la-pacificacion-violenta-de-las-elites\/<\/span><\/a><\/p>","url":"https:\/\/todon.nl\/@manuel\/100853050837327388","status_net":{"notice_id":null}},"to":[{"objectType":"http:\/\/activitystrea.ms\/schema\/1.0\/collection","id":"http:\/\/activityschema.org\/collection\/public"}],"status_net":{"conversation":"tag:bobinas.p4g.club,2018-10-07:objectType=thread:nonce=d1f4061b5169a2c8","notice_info":{"local_id":"865050","source":"ostatus","repeat_of":"865046"}},"published":"2018-10-07T07:03:13+00:00","provider":{"objectType":"service","displayName":"Bobinas P4G","url":"https:\/\/bobinas.p4g.club\/"},"title":"hermesgabriel repeated a notice by manuel","verb":"share","url":"https:\/\/todon.nl\/@hermesgabriel\/100853074716636077"},{"actor":{"id":"https:\/\/todon.nl\/users\/manuel","displayName":"Manuel en todon.nl \ud83d\udcf0 \ud83d\udcda","status_net":{"avatarLinks":[{"url":"https:\/\/bobinas.p4g.club\/avatar\/4445-96-20190208084330.jpeg","rel":"avatar","type":"image\/jpeg","width":96,"height":96},{"url":"https:\/\/bobinas.p4g.club\/avatar\/4445-48-20190208072843.jpeg","rel":"avatar","type":"image\/jpeg","width":48,"height":48},{"url":"https:\/\/bobinas.p4g.club\/avatar\/4445-24-20190208084330.jpeg","rel":"avatar","type":"image\/jpeg","width":24,"height":24}],"profile_info":{"local_id":"4445"}},"image":{"url":"https:\/\/bobinas.p4g.club\/avatar\/4445-96-20190208084330.jpeg","rel":"avatar","type":"image\/jpeg","width":96,"height":96},"objectType":"person","summary":"Mi blog: https:\/\/clarosenelbosque.com #libertad #justicia #anarquismo #literatura #m\u00fasica #arte","url":"https:\/\/todon.nl\/@manuel","portablecontacts_net":{"preferredUsername":"manuel","displayName":"Manuel en todon.nl \ud83d\udcf0 \ud83d\udcda","note":"Mi blog: https:\/\/clarosenelbosque.com #libertad #justicia #anarquismo #literatura #m\u00fasica #arte"}},"content":"<p>Paz activa, paz rebelde: un derecho olvidado de los pueblos...<\/p><p>   \" Colombia ha sido vanguardia en la b\u00fasqueda de la paz, pero tambi\u00e9n supo ser trinchera de la tiran\u00eda como ahora lo es del fascismo, se\u00f1ala en este art\u00edculo Isaac Garc\u00eda*, de la Universidad Francisco de Paula Santander, C\u00facuta. La reivindicaci\u00f3n del derecho a la rebeli\u00f3n. \"<\/p><p>La paz rebelde es la respuesta a la \u00b4pacificaci\u00f3n\u00b4 violenta de las \u00e9lites <a href=\"http:\/\/lanzasyletras.org\/2018\/10\/02\/la-paz-rebelde-es-la-respuesta-a-la-pacificacion-violenta-de-las-elites\/\" rel=\"nofollow\"><span class=\"invisible\">http:\/\/<\/span><span class=\"ellipsis\">lanzasyletras.org\/2018\/10\/02\/l<\/span><span class=\"invisible\">a-paz-rebelde-es-la-respuesta-a-la-pacificacion-violenta-de-las-elites\/<\/span><\/a><\/p>","generator":{"id":"tag:status.net,2009:notice-source:ostatus","objectType":"application","status_net":{"source_code":"ostatus"}},"id":"https:\/\/todon.nl\/users\/manuel\/statuses\/100853050837327388","object":{"id":"https:\/\/todon.nl\/users\/manuel\/statuses\/100853050837327388","objectType":"note","content":"<p>Paz activa, paz rebelde: un derecho olvidado de los pueblos...<\/p><p>   \" Colombia ha sido vanguardia en la b\u00fasqueda de la paz, pero tambi\u00e9n supo ser trinchera de la tiran\u00eda como ahora lo es del fascismo, se\u00f1ala en este art\u00edculo Isaac Garc\u00eda*, de la Universidad Francisco de Paula Santander, C\u00facuta. La reivindicaci\u00f3n del derecho a la rebeli\u00f3n. \"<\/p><p>La paz rebelde es la respuesta a la \u00b4pacificaci\u00f3n\u00b4 violenta de las \u00e9lites <a href=\"http:\/\/lanzasyletras.org\/2018\/10\/02\/la-paz-rebelde-es-la-respuesta-a-la-pacificacion-violenta-de-las-elites\/\" rel=\"nofollow\"><span class=\"invisible\">http:\/\/<\/span><span class=\"ellipsis\">lanzasyletras.org\/2018\/10\/02\/l<\/span><span class=\"invisible\">a-paz-rebelde-es-la-respuesta-a-la-pacificacion-violenta-de-las-elites\/<\/span><\/a><\/p>","url":"https:\/\/todon.nl\/@manuel\/100853050837327388","status_net":{"notice_id":null}},"to":[{"objectType":"http:\/\/activitystrea.ms\/schema\/1.0\/collection","id":"http:\/\/activityschema.org\/collection\/public"}],"status_net":{"conversation":"tag:bobinas.p4g.club,2018-10-07:objectType=thread:nonce=d1f4061b5169a2c8","notice_info":{"local_id":"865046","source":"ostatus"}},"published":"2018-10-07T06:57:09+00:00","provider":{"objectType":"service","displayName":"Bobinas P4G","url":"https:\/\/bobinas.p4g.club\/"},"verb":"post","url":"https:\/\/todon.nl\/@manuel\/100853050837327388"}],"links":[{"url":"https:\/\/bobinas.p4g.club\/conversation\/571278","rel":"alternate","type":"text\/html"}]}