{"generator":"GNU social 2.0.1-beta0","title":"Conversation","totalItems":3,"items":[{"actor":{"id":"https:\/\/bobinas.p4g.club\/user\/5470","displayName":"Galip (Inactive)","status_net":{"avatarLinks":[{"url":"https:\/\/bobinas.p4g.club\/theme\/neo-gnu\/default-avatar-profile.png","rel":"avatar","type":"image\/png","width":96,"height":96},{"url":"https:\/\/bobinas.p4g.club\/theme\/neo-gnu\/default-avatar-stream.png","rel":"avatar","type":"image\/png","width":48,"height":48},{"url":"https:\/\/bobinas.p4g.club\/theme\/neo-gnu\/default-avatar-mini.png","rel":"avatar","type":"image\/png","width":24,"height":24}],"profile_info":{"local_id":"5470"}},"image":{"url":"https:\/\/bobinas.p4g.club\/theme\/neo-gnu\/default-avatar-profile.png","rel":"avatar","type":"image\/png","width":96,"height":96},"objectType":"person","summary":"MOVED TO https:\/\/opensocial.at\/profile\/subca","url":"https:\/\/bobinas.p4g.club\/galipesc","followers":{"url":"https:\/\/bobinas.p4g.club\/galipesc\/subscribers"},"portablecontacts_net":{"preferredUsername":"galipesc","displayName":"Galip (Inactive)","note":"MOVED TO https:\/\/opensocial.at\/profile\/subca"}},"content":"RT @<a href=\"https:\/\/todon.nl\/users\/manuel\" class=\"h-card mention\" title=\"Manuel en todon.nl \ud83d\udcf0 \ud83d\udcda\">manuel<\/a> Nuevo art\u00edculo en el blog, para esa inmensa minor\u00eda de lectores que uno imagina en la materia oscura de Internet. Es lo que llamo, como hac\u00eda Carmen Mart\u00edn Gaite, la teor\u00eda del como si...A vueltas con el sentimiento de la injusticia: \u00bfpor qu\u00e9 no aparece en las canciones populares?https:\/\/clarosenelbosque.com\/a-vueltas-con-el-sentimiento-de-la-injusticia-por-que-no-aparece-en-las-canciones-populares\/","generator":{"id":"tag:status.net,2009:notice-source:api","objectType":"application","status_net":{"source_code":"api"}},"id":"tag:bobinas.p4g.club,2018-10-07:noticeId=866105:objectType=note","object":{"id":"https:\/\/todon.nl\/users\/manuel\/statuses\/100853971684947142","objectType":"note","content":"<p>Nuevo art\u00edculo en el blog, para esa inmensa minor\u00eda de lectores que uno imagina en la materia oscura de Internet. Es lo que llamo, como hac\u00eda Carmen Mart\u00edn Gaite, la teor\u00eda del como si...<\/p><p>A vueltas con el sentimiento de la injusticia: \u00bfpor qu\u00e9 no aparece en las canciones populares?<br \/><a href=\"https:\/\/clarosenelbosque.com\/a-vueltas-con-el-sentimiento-de-la-injusticia-por-que-no-aparece-en-las-canciones-populares\/\" rel=\"nofollow\"><span class=\"invisible\">https:\/\/<\/span><span class=\"ellipsis\">clarosenelbosque.com\/a-vueltas<\/span><span class=\"invisible\">-con-el-sentimiento-de-la-injusticia-por-que-no-aparece-en-las-canciones-populares\/<\/span><\/a><\/p>","url":"https:\/\/todon.nl\/@manuel\/100853971684947142","status_net":{"notice_id":null}},"to":[{"objectType":"http:\/\/activitystrea.ms\/schema\/1.0\/collection","id":"http:\/\/activityschema.org\/collection\/public"}],"status_net":{"conversation":"tag:bobinas.p4g.club,2018-10-07:objectType=thread:nonce=6bcdc0cc5ee37e30","notice_info":{"local_id":"866105","source":"api","repeat_of":"865213"}},"published":"2018-10-07T22:42:25+00:00","provider":{"objectType":"service","displayName":"Bobinas P4G","url":"https:\/\/bobinas.p4g.club\/"},"title":"galipesc repeated a notice by manuel","verb":"share","url":"https:\/\/bobinas.p4g.club\/notice\/866105"},{"actor":{"id":"https:\/\/mastodon.social\/users\/victorhck","displayName":"Victorhck","status_net":{"avatarLinks":[{"url":"https:\/\/bobinas.p4g.club\/avatar\/1559-96-20210119103734.png","rel":"avatar","type":"image\/png","width":96,"height":96},{"url":"https:\/\/bobinas.p4g.club\/avatar\/1559-48-20210119103734.png","rel":"avatar","type":"image\/png","width":48,"height":48},{"url":"https:\/\/bobinas.p4g.club\/avatar\/1559-24-20210119103734.png","rel":"avatar","type":"image\/png","width":24,"height":24}],"profile_info":{"local_id":"1559"}},"image":{"url":"https:\/\/bobinas.p4g.club\/avatar\/1559-96-20210119103734.png","rel":"avatar","type":"image\/png","width":96,"height":96},"objectType":"person","summary":"Usuario de #GNU #Linux #openSUSE, apoyo el #softwarelibre y soy miembro de #KDE Espa\u00f1a.Tambi\u00e9n tengo un blog: https:\/\/victorhckinthefreeworld.com\/Ateo a tiempo completo.","url":"https:\/\/mastodon.social\/@victorhck","portablecontacts_net":{"preferredUsername":"victorhck","displayName":"Victorhck","note":"Usuario de #GNU #Linux #openSUSE, apoyo el #softwarelibre y soy miembro de #KDE Espa\u00f1a.Tambi\u00e9n tengo un blog: https:\/\/victorhckinthefreeworld.com\/Ateo a tiempo completo."}},"content":"<p>Nuevo art\u00edculo en el blog, para esa inmensa minor\u00eda de lectores que uno imagina en la materia oscura de Internet. Es lo que llamo, como hac\u00eda Carmen Mart\u00edn Gaite, la teor\u00eda del como si...<\/p><p>A vueltas con el sentimiento de la injusticia: \u00bfpor qu\u00e9 no aparece en las canciones populares?<br \/><a href=\"https:\/\/clarosenelbosque.com\/a-vueltas-con-el-sentimiento-de-la-injusticia-por-que-no-aparece-en-las-canciones-populares\/\" rel=\"nofollow\"><span class=\"invisible\">https:\/\/<\/span><span class=\"ellipsis\">clarosenelbosque.com\/a-vueltas<\/span><span class=\"invisible\">-con-el-sentimiento-de-la-injusticia-por-que-no-aparece-en-las-canciones-populares\/<\/span><\/a><\/p>","generator":{"id":"tag:status.net,2009:notice-source:ostatus","objectType":"application","status_net":{"source_code":"ostatus"}},"id":"https:\/\/mastodon.social\/users\/victorhck\/statuses\/100854764019894258\/activity","object":{"id":"https:\/\/todon.nl\/users\/manuel\/statuses\/100853971684947142","objectType":"note","content":"<p>Nuevo art\u00edculo en el blog, para esa inmensa minor\u00eda de lectores que uno imagina en la materia oscura de Internet. Es lo que llamo, como hac\u00eda Carmen Mart\u00edn Gaite, la teor\u00eda del como si...<\/p><p>A vueltas con el sentimiento de la injusticia: \u00bfpor qu\u00e9 no aparece en las canciones populares?<br \/><a href=\"https:\/\/clarosenelbosque.com\/a-vueltas-con-el-sentimiento-de-la-injusticia-por-que-no-aparece-en-las-canciones-populares\/\" rel=\"nofollow\"><span class=\"invisible\">https:\/\/<\/span><span class=\"ellipsis\">clarosenelbosque.com\/a-vueltas<\/span><span class=\"invisible\">-con-el-sentimiento-de-la-injusticia-por-que-no-aparece-en-las-canciones-populares\/<\/span><\/a><\/p>","url":"https:\/\/todon.nl\/@manuel\/100853971684947142","status_net":{"notice_id":null}},"to":[{"objectType":"http:\/\/activitystrea.ms\/schema\/1.0\/collection","id":"http:\/\/activityschema.org\/collection\/public"}],"status_net":{"conversation":"tag:bobinas.p4g.club,2018-10-07:objectType=thread:nonce=6bcdc0cc5ee37e30","notice_info":{"local_id":"865491","source":"ostatus","repeat_of":"865213"}},"published":"2018-10-07T14:12:50+00:00","provider":{"objectType":"service","displayName":"Bobinas P4G","url":"https:\/\/bobinas.p4g.club\/"},"title":"victorhck repeated a notice by manuel","verb":"share","url":"https:\/\/mastodon.social\/@victorhck\/100854764019894258"},{"actor":{"id":"https:\/\/todon.nl\/users\/manuel","displayName":"Manuel en todon.nl \ud83d\udcf0 \ud83d\udcda","status_net":{"avatarLinks":[{"url":"https:\/\/bobinas.p4g.club\/avatar\/4445-96-20190208084330.jpeg","rel":"avatar","type":"image\/jpeg","width":96,"height":96},{"url":"https:\/\/bobinas.p4g.club\/avatar\/4445-48-20190208072843.jpeg","rel":"avatar","type":"image\/jpeg","width":48,"height":48},{"url":"https:\/\/bobinas.p4g.club\/avatar\/4445-24-20190208084330.jpeg","rel":"avatar","type":"image\/jpeg","width":24,"height":24}],"profile_info":{"local_id":"4445"}},"image":{"url":"https:\/\/bobinas.p4g.club\/avatar\/4445-96-20190208084330.jpeg","rel":"avatar","type":"image\/jpeg","width":96,"height":96},"objectType":"person","summary":"Mi blog: https:\/\/clarosenelbosque.com #libertad #justicia #anarquismo #literatura #m\u00fasica #arte","url":"https:\/\/todon.nl\/@manuel","portablecontacts_net":{"preferredUsername":"manuel","displayName":"Manuel en todon.nl \ud83d\udcf0 \ud83d\udcda","note":"Mi blog: https:\/\/clarosenelbosque.com #libertad #justicia #anarquismo #literatura #m\u00fasica #arte"}},"content":"<p>Nuevo art\u00edculo en el blog, para esa inmensa minor\u00eda de lectores que uno imagina en la materia oscura de Internet. Es lo que llamo, como hac\u00eda Carmen Mart\u00edn Gaite, la teor\u00eda del como si...<\/p><p>A vueltas con el sentimiento de la injusticia: \u00bfpor qu\u00e9 no aparece en las canciones populares?<br \/><a href=\"https:\/\/clarosenelbosque.com\/a-vueltas-con-el-sentimiento-de-la-injusticia-por-que-no-aparece-en-las-canciones-populares\/\" rel=\"nofollow\"><span class=\"invisible\">https:\/\/<\/span><span class=\"ellipsis\">clarosenelbosque.com\/a-vueltas<\/span><span class=\"invisible\">-con-el-sentimiento-de-la-injusticia-por-que-no-aparece-en-las-canciones-populares\/<\/span><\/a><\/p>","generator":{"id":"tag:status.net,2009:notice-source:ostatus","objectType":"application","status_net":{"source_code":"ostatus"}},"id":"https:\/\/todon.nl\/users\/manuel\/statuses\/100853971684947142","object":{"id":"https:\/\/todon.nl\/users\/manuel\/statuses\/100853971684947142","objectType":"note","content":"<p>Nuevo art\u00edculo en el blog, para esa inmensa minor\u00eda de lectores que uno imagina en la materia oscura de Internet. Es lo que llamo, como hac\u00eda Carmen Mart\u00edn Gaite, la teor\u00eda del como si...<\/p><p>A vueltas con el sentimiento de la injusticia: \u00bfpor qu\u00e9 no aparece en las canciones populares?<br \/><a href=\"https:\/\/clarosenelbosque.com\/a-vueltas-con-el-sentimiento-de-la-injusticia-por-que-no-aparece-en-las-canciones-populares\/\" rel=\"nofollow\"><span class=\"invisible\">https:\/\/<\/span><span class=\"ellipsis\">clarosenelbosque.com\/a-vueltas<\/span><span class=\"invisible\">-con-el-sentimiento-de-la-injusticia-por-que-no-aparece-en-las-canciones-populares\/<\/span><\/a><\/p>","url":"https:\/\/todon.nl\/@manuel\/100853971684947142","status_net":{"notice_id":null}},"to":[{"objectType":"http:\/\/activitystrea.ms\/schema\/1.0\/collection","id":"http:\/\/activityschema.org\/collection\/public"}],"status_net":{"conversation":"tag:bobinas.p4g.club,2018-10-07:objectType=thread:nonce=6bcdc0cc5ee37e30","notice_info":{"local_id":"865213","source":"ostatus"}},"published":"2018-10-07T10:51:20+00:00","provider":{"objectType":"service","displayName":"Bobinas P4G","url":"https:\/\/bobinas.p4g.club\/"},"verb":"post","url":"https:\/\/todon.nl\/@manuel\/100853971684947142"}],"links":[{"url":"https:\/\/bobinas.p4g.club\/conversation\/571432","rel":"alternate","type":"text\/html"}]}