{"generator":"GNU social 2.0.1-beta0","title":"Conversation","totalItems":1,"items":[{"actor":{"id":"https:\/\/todon.nl\/users\/manuel","displayName":"Manuel en todon.nl \ud83d\udcf0 \ud83d\udcda","status_net":{"avatarLinks":[{"url":"https:\/\/bobinas.p4g.club\/avatar\/4445-96-20190208084330.jpeg","rel":"avatar","type":"image\/jpeg","width":96,"height":96},{"url":"https:\/\/bobinas.p4g.club\/avatar\/4445-48-20190208072843.jpeg","rel":"avatar","type":"image\/jpeg","width":48,"height":48},{"url":"https:\/\/bobinas.p4g.club\/avatar\/4445-24-20190208084330.jpeg","rel":"avatar","type":"image\/jpeg","width":24,"height":24}],"profile_info":{"local_id":"4445"}},"image":{"url":"https:\/\/bobinas.p4g.club\/avatar\/4445-96-20190208084330.jpeg","rel":"avatar","type":"image\/jpeg","width":96,"height":96},"objectType":"person","summary":"Mi blog: https:\/\/clarosenelbosque.com #libertad #justicia #anarquismo #literatura #m\u00fasica #arte","url":"https:\/\/todon.nl\/@manuel","portablecontacts_net":{"preferredUsername":"manuel","displayName":"Manuel en todon.nl \ud83d\udcf0 \ud83d\udcda","note":"Mi blog: https:\/\/clarosenelbosque.com #libertad #justicia #anarquismo #literatura #m\u00fasica #arte"}},"content":"<p>\"La capilla del pazo de Brandeso dota de una ambientaci\u00f3n crepuscular a esta famoso relato: El miedo, un cuento de Ram\u00f3n Mar\u00eda del Valle Incl\u00e1n.\"<\/p><p>El miedo, un cuento de Ram\u00f3n Mar\u00eda del Valle Incl\u00e1n<\/p><p><a href=\"https:\/\/www.zendalibros.com\/miedo-cuento-ramon-maria-del-valle-inclan\/#.W7pfGxxTbx8.twitter\" rel=\"nofollow\"><span class=\"invisible\">https:\/\/www.<\/span><span class=\"ellipsis\">zendalibros.com\/miedo-cuento-r<\/span><span class=\"invisible\">amon-maria-del-valle-inclan\/#.W7pfGxxTbx8.twitter<\/span><\/a><\/p>","generator":{"id":"tag:status.net,2009:notice-source:ostatus","objectType":"application","status_net":{"source_code":"ostatus"}},"id":"https:\/\/todon.nl\/users\/manuel\/statuses\/100858650956839452","object":{"id":"https:\/\/todon.nl\/users\/manuel\/statuses\/100858650956839452","objectType":"note","content":"<p>\"La capilla del pazo de Brandeso dota de una ambientaci\u00f3n crepuscular a esta famoso relato: El miedo, un cuento de Ram\u00f3n Mar\u00eda del Valle Incl\u00e1n.\"<\/p><p>El miedo, un cuento de Ram\u00f3n Mar\u00eda del Valle Incl\u00e1n<\/p><p><a href=\"https:\/\/www.zendalibros.com\/miedo-cuento-ramon-maria-del-valle-inclan\/#.W7pfGxxTbx8.twitter\" rel=\"nofollow\"><span class=\"invisible\">https:\/\/www.<\/span><span class=\"ellipsis\">zendalibros.com\/miedo-cuento-r<\/span><span class=\"invisible\">amon-maria-del-valle-inclan\/#.W7pfGxxTbx8.twitter<\/span><\/a><\/p>","url":"https:\/\/todon.nl\/@manuel\/100858650956839452","status_net":{"notice_id":null}},"to":[{"objectType":"http:\/\/activitystrea.ms\/schema\/1.0\/collection","id":"http:\/\/activityschema.org\/collection\/public"}],"status_net":{"conversation":"tag:bobinas.p4g.club,2018-10-08:objectType=thread:nonce=7568d66f3a6da175","notice_info":{"local_id":"866439","source":"ostatus"}},"published":"2018-10-08T06:41:20+00:00","provider":{"objectType":"service","displayName":"Bobinas P4G","url":"https:\/\/bobinas.p4g.club\/"},"verb":"post","url":"https:\/\/todon.nl\/@manuel\/100858650956839452"}],"links":[{"url":"https:\/\/bobinas.p4g.club\/conversation\/572424","rel":"alternate","type":"text\/html"}]}