{"generator":"GNU social 2.0.1-beta0","title":"Conversation","totalItems":1,"items":[{"actor":{"id":"https:\/\/todon.nl\/users\/manuel","displayName":"Manuel en todon.nl \ud83d\udcf0 \ud83d\udcda","status_net":{"avatarLinks":[{"url":"https:\/\/bobinas.p4g.club\/avatar\/4445-96-20190208084330.jpeg","rel":"avatar","type":"image\/jpeg","width":96,"height":96},{"url":"https:\/\/bobinas.p4g.club\/avatar\/4445-48-20190208072843.jpeg","rel":"avatar","type":"image\/jpeg","width":48,"height":48},{"url":"https:\/\/bobinas.p4g.club\/avatar\/4445-24-20190208084330.jpeg","rel":"avatar","type":"image\/jpeg","width":24,"height":24}],"profile_info":{"local_id":"4445"}},"image":{"url":"https:\/\/bobinas.p4g.club\/avatar\/4445-96-20190208084330.jpeg","rel":"avatar","type":"image\/jpeg","width":96,"height":96},"objectType":"person","summary":"Mi blog: https:\/\/clarosenelbosque.com #libertad #justicia #anarquismo #literatura #m\u00fasica #arte","url":"https:\/\/todon.nl\/@manuel","portablecontacts_net":{"preferredUsername":"manuel","displayName":"Manuel en todon.nl \ud83d\udcf0 \ud83d\udcda","note":"Mi blog: https:\/\/clarosenelbosque.com #libertad #justicia #anarquismo #literatura #m\u00fasica #arte"}},"content":"<p>Hay que ignorar las est\u00fapidas pol\u00e9micas que envuelven a esta cantaora (en Andaluc\u00eda, y porque no es andaluza) sobre la zarandaja de la \"apropiaci\u00f3n cultural\" . Lo que hay que hacer es escucharla. A  ella, a Poveda, al Ni\u00f1o de Elche: gente que est\u00e1 innovando el flamenco, \u00a1de qu\u00e9 manera!<\/p><p>Rosal\u00eda - Catalina<br \/><a href=\"https:\/\/youtu.be\/0OMwDZUWl5g\" rel=\"nofollow\"><span class=\"invisible\">https:\/\/<\/span><span>youtu.be\/0OMwDZUWl5g<\/span><span class=\"invisible\"><\/span><\/a><\/p><p><a href=\"https:\/\/todon.nl\/tags\/mus\" class=\"mention hashtag\" rel=\"tag\">#<span>mus<\/span><\/a> <a href=\"https:\/\/todon.nl\/tags\/flamenco\" class=\"mention hashtag\" rel=\"tag\">#<span>flamenco<\/span><\/a><\/p>","generator":{"id":"tag:status.net,2009:notice-source:ostatus","objectType":"application","status_net":{"source_code":"ostatus"}},"id":"https:\/\/todon.nl\/users\/manuel\/statuses\/100869814943298545","object":{"id":"https:\/\/todon.nl\/users\/manuel\/statuses\/100869814943298545","objectType":"note","content":"<p>Hay que ignorar las est\u00fapidas pol\u00e9micas que envuelven a esta cantaora (en Andaluc\u00eda, y porque no es andaluza) sobre la zarandaja de la \"apropiaci\u00f3n cultural\" . Lo que hay que hacer es escucharla. A  ella, a Poveda, al Ni\u00f1o de Elche: gente que est\u00e1 innovando el flamenco, \u00a1de qu\u00e9 manera!<\/p><p>Rosal\u00eda - Catalina<br \/><a href=\"https:\/\/youtu.be\/0OMwDZUWl5g\" rel=\"nofollow\"><span class=\"invisible\">https:\/\/<\/span><span>youtu.be\/0OMwDZUWl5g<\/span><span class=\"invisible\"><\/span><\/a><\/p><p><a href=\"https:\/\/todon.nl\/tags\/mus\" class=\"mention hashtag\" rel=\"tag\">#<span>mus<\/span><\/a> <a href=\"https:\/\/todon.nl\/tags\/flamenco\" class=\"mention hashtag\" rel=\"tag\">#<span>flamenco<\/span><\/a><\/p>","url":"https:\/\/todon.nl\/@manuel\/100869814943298545","status_net":{"notice_id":null},"tags":[{"objectType":"http:\/\/activityschema.org\/object\/hashtag","displayName":"flamenco"},{"objectType":"http:\/\/activityschema.org\/object\/hashtag","displayName":"mus"}]},"to":[{"objectType":"http:\/\/activitystrea.ms\/schema\/1.0\/collection","id":"http:\/\/activityschema.org\/collection\/public"}],"status_net":{"conversation":"tag:bobinas.p4g.club,2018-10-10:objectType=thread:nonce=c67f220dd8aa4054","notice_info":{"local_id":"869163","source":"ostatus"}},"published":"2018-10-10T06:00:29+00:00","provider":{"objectType":"service","displayName":"Bobinas P4G","url":"https:\/\/bobinas.p4g.club\/"},"verb":"post","url":"https:\/\/todon.nl\/@manuel\/100869814943298545"}],"links":[{"url":"https:\/\/bobinas.p4g.club\/conversation\/574612","rel":"alternate","type":"text\/html"}]}