{"generator":"GNU social 2.0.1-beta0","title":"Conversation","totalItems":1,"items":[{"actor":{"id":"https:\/\/todon.nl\/users\/manuel","displayName":"Manuel en todon.nl \ud83d\udcf0 \ud83d\udcda","status_net":{"avatarLinks":[{"url":"https:\/\/bobinas.p4g.club\/avatar\/4445-96-20190208084330.jpeg","rel":"avatar","type":"image\/jpeg","width":96,"height":96},{"url":"https:\/\/bobinas.p4g.club\/avatar\/4445-48-20190208072843.jpeg","rel":"avatar","type":"image\/jpeg","width":48,"height":48},{"url":"https:\/\/bobinas.p4g.club\/avatar\/4445-24-20190208084330.jpeg","rel":"avatar","type":"image\/jpeg","width":24,"height":24}],"profile_info":{"local_id":"4445"}},"image":{"url":"https:\/\/bobinas.p4g.club\/avatar\/4445-96-20190208084330.jpeg","rel":"avatar","type":"image\/jpeg","width":96,"height":96},"objectType":"person","summary":"Mi blog: https:\/\/clarosenelbosque.com #libertad #justicia #anarquismo #literatura #m\u00fasica #arte","url":"https:\/\/todon.nl\/@manuel","portablecontacts_net":{"preferredUsername":"manuel","displayName":"Manuel en todon.nl \ud83d\udcf0 \ud83d\udcda","note":"Mi blog: https:\/\/clarosenelbosque.com #libertad #justicia #anarquismo #literatura #m\u00fasica #arte"}},"content":"<p>El S\u00e1hara en el coraz\u00f3n...<\/p><p>    \"Se cumplen ocho a\u00f1os de que miles de saharauis de las zonas ocupadas por Marruecos levantaran el campamento Gdeim Izik, brutalmente desmantelado por las fuerzas de ocupaci\u00f3n marroqu\u00edes.\"<\/p><p><a href=\"https:\/\/www.cuartopoder.es\/internacional\/2018\/10\/13\/cronologia-de-gdeim-izik-el-campamento-de-la-dignidad-saharaui-ocho-anos-despues\/\" rel=\"nofollow\"><span class=\"invisible\">https:\/\/www.<\/span><span class=\"ellipsis\">cuartopoder.es\/internacional\/2<\/span><span class=\"invisible\">018\/10\/13\/cronologia-de-gdeim-izik-el-campamento-de-la-dignidad-saharaui-ocho-anos-despues\/<\/span><\/a><\/p>","generator":{"id":"tag:status.net,2009:notice-source:ostatus","objectType":"application","status_net":{"source_code":"ostatus"}},"id":"https:\/\/todon.nl\/users\/manuel\/statuses\/100886854323013744","object":{"id":"https:\/\/todon.nl\/users\/manuel\/statuses\/100886854323013744","objectType":"note","content":"<p>El S\u00e1hara en el coraz\u00f3n...<\/p><p>    \"Se cumplen ocho a\u00f1os de que miles de saharauis de las zonas ocupadas por Marruecos levantaran el campamento Gdeim Izik, brutalmente desmantelado por las fuerzas de ocupaci\u00f3n marroqu\u00edes.\"<\/p><p><a href=\"https:\/\/www.cuartopoder.es\/internacional\/2018\/10\/13\/cronologia-de-gdeim-izik-el-campamento-de-la-dignidad-saharaui-ocho-anos-despues\/\" rel=\"nofollow\"><span class=\"invisible\">https:\/\/www.<\/span><span class=\"ellipsis\">cuartopoder.es\/internacional\/2<\/span><span class=\"invisible\">018\/10\/13\/cronologia-de-gdeim-izik-el-campamento-de-la-dignidad-saharaui-ocho-anos-despues\/<\/span><\/a><\/p>","url":"https:\/\/todon.nl\/@manuel\/100886854323013744","status_net":{"notice_id":null}},"to":[{"objectType":"http:\/\/activitystrea.ms\/schema\/1.0\/collection","id":"http:\/\/activityschema.org\/collection\/public"}],"status_net":{"conversation":"tag:bobinas.p4g.club,2018-10-13:objectType=thread:nonce=d448960cb0919578","notice_info":{"local_id":"873435","source":"ostatus"}},"published":"2018-10-13T06:13:49+00:00","provider":{"objectType":"service","displayName":"Bobinas P4G","url":"https:\/\/bobinas.p4g.club\/"},"verb":"post","url":"https:\/\/todon.nl\/@manuel\/100886854323013744"}],"links":[{"url":"https:\/\/bobinas.p4g.club\/conversation\/578266","rel":"alternate","type":"text\/html"}]}