{"generator":"GNU social 2.0.1-beta0","title":"Conversation","totalItems":1,"items":[{"actor":{"id":"https:\/\/todon.nl\/users\/manuel","displayName":"Manuel en todon.nl \ud83d\udcf0 \ud83d\udcda","status_net":{"avatarLinks":[{"url":"https:\/\/bobinas.p4g.club\/avatar\/4445-96-20190208084330.jpeg","rel":"avatar","type":"image\/jpeg","width":96,"height":96},{"url":"https:\/\/bobinas.p4g.club\/avatar\/4445-48-20190208072843.jpeg","rel":"avatar","type":"image\/jpeg","width":48,"height":48},{"url":"https:\/\/bobinas.p4g.club\/avatar\/4445-24-20190208084330.jpeg","rel":"avatar","type":"image\/jpeg","width":24,"height":24}],"profile_info":{"local_id":"4445"}},"image":{"url":"https:\/\/bobinas.p4g.club\/avatar\/4445-96-20190208084330.jpeg","rel":"avatar","type":"image\/jpeg","width":96,"height":96},"objectType":"person","summary":"Mi blog: https:\/\/clarosenelbosque.com #libertad #justicia #anarquismo #literatura #m\u00fasica #arte","url":"https:\/\/todon.nl\/@manuel","portablecontacts_net":{"preferredUsername":"manuel","displayName":"Manuel en todon.nl \ud83d\udcf0 \ud83d\udcda","note":"Mi blog: https:\/\/clarosenelbosque.com #libertad #justicia #anarquismo #literatura #m\u00fasica #arte"}},"content":"<p>\"Los analfabetos en Espa\u00f1a son, en su mayor\u00eda, espa\u00f1oles, mayores de 70 a\u00f1os y mujeres, aunque los hay en todas las franjas de edad, seg\u00fan datos del INE\"<\/p><p>Espa\u00f1a, 2018, m\u00e1s de 600.000 analfabetos <a href=\"https:\/\/www.cuartopoder.es\/sociedad\/2018\/10\/14\/analfabetos-en-espana-cuantos-hay\/\" rel=\"nofollow\"><span class=\"invisible\">https:\/\/www.<\/span><span class=\"ellipsis\">cuartopoder.es\/sociedad\/2018\/1<\/span><span class=\"invisible\">0\/14\/analfabetos-en-espana-cuantos-hay\/<\/span><\/a><\/p>","generator":{"id":"tag:status.net,2009:notice-source:ostatus","objectType":"application","status_net":{"source_code":"ostatus"}},"id":"https:\/\/todon.nl\/users\/manuel\/statuses\/100892811108942941","object":{"id":"https:\/\/todon.nl\/users\/manuel\/statuses\/100892811108942941","objectType":"note","content":"<p>\"Los analfabetos en Espa\u00f1a son, en su mayor\u00eda, espa\u00f1oles, mayores de 70 a\u00f1os y mujeres, aunque los hay en todas las franjas de edad, seg\u00fan datos del INE\"<\/p><p>Espa\u00f1a, 2018, m\u00e1s de 600.000 analfabetos <a href=\"https:\/\/www.cuartopoder.es\/sociedad\/2018\/10\/14\/analfabetos-en-espana-cuantos-hay\/\" rel=\"nofollow\"><span class=\"invisible\">https:\/\/www.<\/span><span class=\"ellipsis\">cuartopoder.es\/sociedad\/2018\/1<\/span><span class=\"invisible\">0\/14\/analfabetos-en-espana-cuantos-hay\/<\/span><\/a><\/p>","url":"https:\/\/todon.nl\/@manuel\/100892811108942941","status_net":{"notice_id":null}},"to":[{"objectType":"http:\/\/activitystrea.ms\/schema\/1.0\/collection","id":"http:\/\/activityschema.org\/collection\/public"}],"status_net":{"conversation":"tag:bobinas.p4g.club,2018-10-14:objectType=thread:nonce=6801fc9f0c8cd225","notice_info":{"local_id":"874693","source":"ostatus"}},"published":"2018-10-14T07:28:42+00:00","provider":{"objectType":"service","displayName":"Bobinas P4G","url":"https:\/\/bobinas.p4g.club\/"},"verb":"post","url":"https:\/\/todon.nl\/@manuel\/100892811108942941"}],"links":[{"url":"https:\/\/bobinas.p4g.club\/conversation\/579314","rel":"alternate","type":"text\/html"}]}