{"generator":"GNU social 2.0.1-beta0","title":"Conversation","totalItems":1,"items":[{"actor":{"id":"https:\/\/red.confederac.io\/users\/xanbaldaio","displayName":"Xan","status_net":{"avatarLinks":[{"url":"https:\/\/bobinas.p4g.club\/avatar\/9814-96-20191106101200.jpeg","rel":"avatar","type":"image\/jpeg","width":96,"height":96},{"url":"https:\/\/bobinas.p4g.club\/avatar\/9814-48-20191106102408.jpeg","rel":"avatar","type":"image\/jpeg","width":48,"height":48},{"url":"https:\/\/bobinas.p4g.club\/avatar\/9814-24-20191106124853.jpeg","rel":"avatar","type":"image\/jpeg","width":24,"height":24}],"profile_info":{"local_id":"9814"}},"image":{"url":"https:\/\/bobinas.p4g.club\/avatar\/9814-96-20191106101200.jpeg","rel":"avatar","type":"image\/jpeg","width":96,"height":96},"objectType":"person","summary":"Igual entre iguais. Facilitador. Editor de contidos. Tradutor. Ciberactivista \ud83d\udd49","url":"https:\/\/red.confederac.io\/@xanbaldaio","portablecontacts_net":{"preferredUsername":"xanbaldaio","displayName":"Xan","note":"Igual entre iguais. Facilitador. Editor de contidos. Tradutor. Ciberactivista \ud83d\udd49"}},"content":"<p>RT @EFEnoticias@twitter.com<br \/>Inauguran en Los \u00c1ngeles (EE.UU.) la plaza Dolores Huerta en honor a la activista que fund\u00f3 el poderoso Sindicato de Campesinos (UFW) y acu\u00f1\u00f3 la famosa frase \"!S\u00ed se puede!\"<br \/><a href=\"http:\/\/bit.ly\/31O1GBI\" rel=\"nofollow\"><span class=\"invisible\">http:\/\/<\/span><span>bit.ly\/31O1GBI<\/span><span class=\"invisible\"><\/span><\/a><\/p>","generator":{"id":"tag:status.net,2009:notice-source:ostatus","objectType":"application","status_net":{"source_code":"ostatus"}},"id":"https:\/\/red.confederac.io\/users\/xanbaldaio\/statuses\/102317918138932486","object":{"id":"https:\/\/red.confederac.io\/users\/xanbaldaio\/statuses\/102317918138932486","objectType":"note","content":"<p>RT @EFEnoticias@twitter.com<br \/>Inauguran en Los \u00c1ngeles (EE.UU.) la plaza Dolores Huerta en honor a la activista que fund\u00f3 el poderoso Sindicato de Campesinos (UFW) y acu\u00f1\u00f3 la famosa frase \"!S\u00ed se puede!\"<br \/><a href=\"http:\/\/bit.ly\/31O1GBI\" rel=\"nofollow\"><span class=\"invisible\">http:\/\/<\/span><span>bit.ly\/31O1GBI<\/span><span class=\"invisible\"><\/span><\/a><\/p>","url":"https:\/\/red.confederac.io\/@xanbaldaio\/102317918138932486","status_net":{"notice_id":null},"tags":[{"objectType":"http:\/\/activityschema.org\/object\/hashtag","displayName":"nsfw"}]},"to":[{"objectType":"http:\/\/activitystrea.ms\/schema\/1.0\/collection","id":"http:\/\/activityschema.org\/collection\/public"}],"status_net":{"conversation":"tag:bobinas.p4g.club,2019-06-22:objectType=thread:nonce=7b056598bfb43e07","notice_info":{"local_id":"1131448","source":"ostatus"}},"published":"2019-06-22T23:52:10+00:00","provider":{"objectType":"service","displayName":"Bobinas P4G","url":"https:\/\/bobinas.p4g.club\/"},"verb":"post","url":"https:\/\/red.confederac.io\/@xanbaldaio\/102317918138932486"}],"links":[{"url":"https:\/\/bobinas.p4g.club\/conversation\/806126","rel":"alternate","type":"text\/html"}]}