{"generator":"GNU social 2.0.1-beta0","title":"Conversation","totalItems":1,"items":[{"actor":{"id":"https:\/\/pod.geraspora.de\/u\/asrafil","displayName":"asrafil@pod.geraspora.de","status_net":{"avatarLinks":[{"url":"https:\/\/bobinas.p4g.club\/theme\/neo-gnu\/default-avatar-profile.png","rel":"avatar","type":"image\/png","width":96,"height":96},{"url":"https:\/\/bobinas.p4g.club\/avatar\/2182-48-20171106163319.png","rel":"avatar","type":"image\/png","width":48,"height":48},{"url":"https:\/\/bobinas.p4g.club\/avatar\/2182-24-20171106163319.png","rel":"avatar","type":"image\/png","width":24,"height":24}],"profile_info":{"local_id":"2182"}},"image":{"url":"https:\/\/bobinas.p4g.club\/theme\/neo-gnu\/default-avatar-profile.png","rel":"avatar","type":"image\/png","width":96,"height":96},"objectType":"person","summary":"Usuario de GNU\/linux, con inter&eacute;s por la seguridad, la privacidad, el softwarelibre, los c&oacute;mics, la cerveza, y el vapeo,","url":"https:\/\/pod.geraspora.de\/u\/asrafil","portablecontacts_net":{"preferredUsername":"asrafil","displayName":"asrafil@pod.geraspora.de","note":"Usuario de GNU\/linux, con inter&eacute;s por la seguridad, la privacidad, el softwarelibre, los c&oacute;mics, la cerveza, y el vapeo,"}},"content":"<h3>La imagen que tenemos del Neandertal est\u00e1 totalmente equivocada \u2013 Marcianos<\/h3>  <p><\/p>  <blockquote> <p>En la cultura popular el t\u00e9rmino Neandertal adquiri\u00f3 un car\u00e1cter peyorativo. De hecho, cuando escuchamos la palabra solemos imaginar a un ser humanoide, de rasgos primitivos y robustos cuya carencia de inteligencia y destreza f\u00edsica los llev\u00f3 a desaparecer en la competida carrera evolutiva. Durante d\u00e9cadas hemos cre\u00eddo que el torpe neandertal sucumbi\u00f3 ante el Homo sapiens por la supremac\u00eda del reino animal.<\/p>  <p>Sin embargo, en los \u00faltimos a\u00f1os la imagen del hombre de Neandertal ha venido reivindic\u00e1ndose. Ahora, sabemos que la tradicional representaci\u00f3n de la especie est\u00e1 totalmente equivocada. El Neandertal figur\u00f3 como especie inteligente, creativa y perfectamente adaptada al entorno, al punto que se desplazaba totalmente recto, como el Homo sapiens. A continuaci\u00f3n, recapitulamos los desafortunados episodios que provocaron la err\u00f3nea concepci\u00f3n de los neandertales y la forma en que ha cambiado su imagen.<\/p> <\/blockquote>  <p><a href=\"https:\/\/marcianosmx.com\/imagen-del-neandertal-esta-equivocada\/\" rel=\"nofollow noreferrer\">https:\/\/marcianosmx.com\/imagen-del-neandertal-esta-equivocada\/<\/a><br \/><a class=\"tag\" href=\"https:\/\/pod.geraspora.de\/tags\/%C3%91\">#\u00d1<\/a> <\/p>","generator":{"id":"tag:status.net,2009:notice-source:ostatus","objectType":"application","status_net":{"source_code":"ostatus"}},"id":"https:\/\/pod.geraspora.de\/p\/10521509","object":{"id":"https:\/\/pod.geraspora.de\/p\/10521509","objectType":"note","content":"<h3>La imagen que tenemos del Neandertal est\u00e1 totalmente equivocada \u2013 Marcianos<\/h3>\n\n<p><\/p>\n\n<blockquote>\n<p>En la cultura popular el t\u00e9rmino Neandertal adquiri\u00f3 un car\u00e1cter peyorativo. De hecho, cuando escuchamos la palabra solemos imaginar a un ser humanoide, de rasgos primitivos y robustos cuya carencia de inteligencia y destreza f\u00edsica los llev\u00f3 a desaparecer en la competida carrera evolutiva. Durante d\u00e9cadas hemos cre\u00eddo que el torpe neandertal sucumbi\u00f3 ante el Homo sapiens por la supremac\u00eda del reino animal.<\/p>\n\n<p>Sin embargo, en los \u00faltimos a\u00f1os la imagen del hombre de Neandertal ha venido reivindic\u00e1ndose. Ahora, sabemos que la tradicional representaci\u00f3n de la especie est\u00e1 totalmente equivocada. El Neandertal figur\u00f3 como especie inteligente, creativa y perfectamente adaptada al entorno, al punto que se desplazaba totalmente recto, como el Homo sapiens. A continuaci\u00f3n, recapitulamos los desafortunados episodios que provocaron la err\u00f3nea concepci\u00f3n de los neandertales y la forma en que ha cambiado su imagen.<\/p>\n<\/blockquote>\n\n<p><a href=\"https:\/\/marcianosmx.com\/imagen-del-neandertal-esta-equivocada\/\" rel=\"nofollow noreferrer\">https:\/\/marcianosmx.com\/imagen-del-neandertal-esta-equivocada\/<\/a><br \/><a class=\"tag\" href=\"https:\/\/pod.geraspora.de\/tags\/%C3%91\">#\u00d1<\/a> <\/p>","url":"https:\/\/pod.geraspora.de\/p\/10521509","status_net":{"notice_id":null},"tags":[{"objectType":"http:\/\/activityschema.org\/object\/hashtag","displayName":"n"}]},"to":[{"objectType":"http:\/\/activitystrea.ms\/schema\/1.0\/collection","id":"http:\/\/activityschema.org\/collection\/public"}],"status_net":{"conversation":"tag:bobinas.p4g.club,2019-08-21:objectType=thread:nonce=d28312b7e6e392d5","notice_info":{"local_id":"1200650","source":"ostatus"}},"published":"2019-08-21T20:30:36+00:00","provider":{"objectType":"service","displayName":"Bobinas P4G","url":"https:\/\/bobinas.p4g.club\/"},"verb":"post","url":"https:\/\/pod.geraspora.de\/p\/10521509"}],"links":[{"url":"https:\/\/bobinas.p4g.club\/conversation\/864316","rel":"alternate","type":"text\/html"}]}