{"generator":"GNU social 2.0.1-beta0","title":"Conversation","totalItems":1,"items":[{"actor":{"id":"https:\/\/mastodon.social\/users\/ElSaltoDiario","displayName":"El Salto Diario","status_net":{"avatarLinks":[{"url":"https:\/\/bobinas.p4g.club\/theme\/neo-gnu\/default-avatar-profile.png","rel":"avatar","type":"image\/png","width":96,"height":96},{"url":"https:\/\/bobinas.p4g.club\/theme\/neo-gnu\/default-avatar-stream.png","rel":"avatar","type":"image\/png","width":48,"height":48},{"url":"https:\/\/bobinas.p4g.club\/theme\/neo-gnu\/default-avatar-mini.png","rel":"avatar","type":"image\/png","width":24,"height":24}],"profile_info":{"local_id":"24812"}},"image":{"url":"https:\/\/bobinas.p4g.club\/theme\/neo-gnu\/default-avatar-profile.png","rel":"avatar","type":"image\/png","width":96,"height":96},"objectType":"person","summary":"Somos un medio de comunicaci\u00f3n autogestionado, horizontal y asambleario. A\u00fan publicamos en papel.http:\/\/elsaltodiario.com\/suscribirse\/","url":"https:\/\/mastodon.social\/@ElSaltoDiario","portablecontacts_net":{"preferredUsername":"ElSaltoDiario","displayName":"El Salto Diario","note":"Somos un medio de comunicaci\u00f3n autogestionado, horizontal y asambleario. A\u00fan publicamos en papel.http:\/\/elsaltodiario.com\/suscribirse\/"}},"content":"<p>\ud83d\udc89Jos\u00e9 G\u00f3mez Rial, inmun\u00f3logo: \u201cLas vacunas generan c\u00e9lulas de memoria; no es necesaria una tercera dosis\u201d, por Sara Plaza Casares<br \/><a href=\"https:\/\/www.elsaltodiario.com\/coronavirus\/la-vacuna-para-la-infancia-no-es-prioritaria\" rel=\"nofollow noreferrer\">https:\/\/www.elsaltodiario.com\/coronavirus\/la-vacuna-para-la-infancia-no-es-prioritaria<\/a><\/p>","generator":{"id":"tag:bobinas.p4g.club,2026-04-26:notice-source:ActivityPub","objectType":"application","status_net":{"source_code":"ActivityPub"}},"id":"https:\/\/mastodon.social\/users\/ElSaltoDiario\/statuses\/107455308037812537","object":{"id":"https:\/\/mastodon.social\/users\/ElSaltoDiario\/statuses\/107455308037812537","objectType":"note","content":"<p>\ud83d\udc89Jos\u00e9 G\u00f3mez Rial, inmun\u00f3logo: \u201cLas vacunas generan c\u00e9lulas de memoria; no es necesaria una tercera dosis\u201d, por Sara Plaza Casares<br \/><a href=\"https:\/\/www.elsaltodiario.com\/coronavirus\/la-vacuna-para-la-infancia-no-es-prioritaria\" rel=\"nofollow noreferrer\">https:\/\/www.elsaltodiario.com\/coronavirus\/la-vacuna-para-la-infancia-no-es-prioritaria<\/a><\/p>","url":"https:\/\/mastodon.social\/@ElSaltoDiario\/107455308037812537","status_net":{"notice_id":null}},"to":[{"objectType":"http:\/\/activitystrea.ms\/schema\/1.0\/collection","id":"http:\/\/activityschema.org\/collection\/public"}],"status_net":{"conversation":"tag:bobinas.p4g.club,2021-12-16:objectType=thread:nonce=ae76b231b034dca1","notice_info":{"local_id":"1341329","source":"ActivityPub"}},"published":"2021-12-16T19:02:46+00:00","provider":{"objectType":"service","displayName":"Bobinas P4G","url":"https:\/\/bobinas.p4g.club\/"},"verb":"post","url":"https:\/\/mastodon.social\/@ElSaltoDiario\/107455308037812537"}],"links":[{"url":"https:\/\/bobinas.p4g.club\/conversation\/944899","rel":"alternate","type":"text\/html"}]}