{"generator":"GNU social 2.0.1-beta0","title":"Conversation","totalItems":1,"items":[{"actor":{"id":"https:\/\/libranet.de\/profile\/obiolsfriendica","displayName":"Arfran","status_net":{"avatarLinks":[{"url":"https:\/\/bobinas.p4g.club\/avatar\/15910-96-20191106174134.jpeg","rel":"avatar","type":"image\/jpeg","width":96,"height":96},{"url":"https:\/\/bobinas.p4g.club\/avatar\/15910-48-20191106174134.jpeg","rel":"avatar","type":"image\/jpeg","width":48,"height":48},{"url":"https:\/\/bobinas.p4g.club\/avatar\/15910-24-20191106174134.jpeg","rel":"avatar","type":"image\/jpeg","width":24,"height":24}],"profile_info":{"local_id":"15910"}},"image":{"url":"https:\/\/bobinas.p4g.club\/avatar\/15910-96-20191106174134.jpeg","rel":"avatar","type":"image\/jpeg","width":96,"height":96},"objectType":"person","url":"https:\/\/libranet.de\/profile\/obiolsfriendica","portablecontacts_net":{"preferredUsername":"obiolsfriendica","displayName":"Arfran"}},"content":"<a href=\"https:\/\/twitter.com\/Albertoperna\/status\/1544095393360871432\">\u2672<\/a> @<a href=\"https:\/\/twitter.com\/Albertoperna\" class=\"url u-url mention\" title=\"Albertoperna@twitter.com\">Albertoperna@twitter.com<\/a>:\u25cfLA MASA IRREFLEXIVA.\u25cf<br \/><br \/>El coeficiente intelectual medio de la poblaci\u00f3n mundial, que desde la posguerra hasta finales de los a\u00f1os 90 siempre hab\u00eda aumentado, ha ido disminuyendo en las dos \u00faltimas d\u00e9cadas...","generator":{"id":"tag:bobinas.p4g.club,2026-05-03:notice-source:ActivityPub","objectType":"application","status_net":{"source_code":"ActivityPub"}},"id":"https:\/\/libranet.de\/objects\/0b6b25a8-1362-c4a9-e61b-69f969317956","object":{"id":"https:\/\/libranet.de\/objects\/0b6b25a8-1362-c4a9-e61b-69f969317956","objectType":"note","content":"<a href=\"https:\/\/twitter.com\/Albertoperna\/status\/1544095393360871432\">\u2672<\/a> @<a href=\"https:\/\/twitter.com\/Albertoperna\" class=\"url u-url mention\" title=\"Albertoperna@twitter.com\">Albertoperna@twitter.com<\/a>:\u25cfLA MASA IRREFLEXIVA.\u25cf<br \/><br \/>El coeficiente intelectual medio de la poblaci\u00f3n mundial, que desde la posguerra hasta finales de los a\u00f1os 90 siempre hab\u00eda aumentado, ha ido disminuyendo en las dos \u00faltimas d\u00e9cadas...","url":"https:\/\/libranet.de\/display\/0b6b25a8-1362-c4a9-e61b-69f969317956","status_net":{"notice_id":null}},"to":[{"objectType":"http:\/\/activitystrea.ms\/schema\/1.0\/collection","id":"http:\/\/activityschema.org\/collection\/public"}],"status_net":{"conversation":"tag:bobinas.p4g.club,2022-07-05:objectType=thread:nonce=1f4a2bcd7b38b3f6","notice_info":{"local_id":"1404776","source":"ActivityPub"}},"published":"2022-07-05T21:15:21+00:00","provider":{"objectType":"service","displayName":"Bobinas P4G","url":"https:\/\/bobinas.p4g.club\/"},"verb":"post","url":"https:\/\/libranet.de\/display\/0b6b25a8-1362-c4a9-e61b-69f969317956"}],"links":[{"url":"https:\/\/bobinas.p4g.club\/conversation\/978992","rel":"alternate","type":"text\/html"}]}