{"generator":"GNU social 2.0.1-beta0","title":"Conversation","totalItems":1,"items":[{"actor":{"id":"https:\/\/libranet.de\/profile\/obiolsfriendica","displayName":"Arfran","status_net":{"avatarLinks":[{"url":"https:\/\/bobinas.p4g.club\/avatar\/15910-96-20191106174134.jpeg","rel":"avatar","type":"image\/jpeg","width":96,"height":96},{"url":"https:\/\/bobinas.p4g.club\/avatar\/15910-48-20191106174134.jpeg","rel":"avatar","type":"image\/jpeg","width":48,"height":48},{"url":"https:\/\/bobinas.p4g.club\/avatar\/15910-24-20191106174134.jpeg","rel":"avatar","type":"image\/jpeg","width":24,"height":24}],"profile_info":{"local_id":"15910"}},"image":{"url":"https:\/\/bobinas.p4g.club\/avatar\/15910-96-20191106174134.jpeg","rel":"avatar","type":"image\/jpeg","width":96,"height":96},"objectType":"person","url":"https:\/\/libranet.de\/profile\/obiolsfriendica","portablecontacts_net":{"preferredUsername":"obiolsfriendica","displayName":"Arfran"}},"content":"<a href=\"https:\/\/twitter.com\/EnriqueSantiago\/status\/1546150169359654915\">\u2672<\/a> @<a href=\"https:\/\/twitter.com\/EnriqueSantiago\" class=\"url u-url mention\" title=\"EnriqueSantiago@twitter.com\">EnriqueSantiago@twitter.com<\/a>:Los audios de Villarejo y Ferreras son un aut\u00e9ntico esc\u00e1ndalo en una democracia. Todo mi \u00e1nimo y apoyo a los compa\u00f1eros y compa\u00f1eras de <a href=\"https:\/\/twitter.com\/PODEMOS\" class=\"u-url mention\">@PODEMOS<\/a>. Haremos justicia con lo que os han hecho.<br \/><br \/><a href=\"https:\/\/twitter.com\/ElSaltoDiario\/status\/1546139307823566853\" rel=\"noreferrer\">twitter.com\/ElSaltoDiario\/stat\u2026<\/a>","generator":{"id":"tag:bobinas.p4g.club,2026-05-02:notice-source:ActivityPub","objectType":"application","status_net":{"source_code":"ActivityPub"}},"id":"https:\/\/libranet.de\/objects\/0b6b25a8-2362-cafc-7c2c-bef657797381","object":{"id":"https:\/\/libranet.de\/objects\/0b6b25a8-2362-cafc-7c2c-bef657797381","objectType":"note","content":"<a href=\"https:\/\/twitter.com\/EnriqueSantiago\/status\/1546150169359654915\">\u2672<\/a> @<a href=\"https:\/\/twitter.com\/EnriqueSantiago\" class=\"url u-url mention\" title=\"EnriqueSantiago@twitter.com\">EnriqueSantiago@twitter.com<\/a>:Los audios de Villarejo y Ferreras son un aut\u00e9ntico esc\u00e1ndalo en una democracia. Todo mi \u00e1nimo y apoyo a los compa\u00f1eros y compa\u00f1eras de <a href=\"https:\/\/twitter.com\/PODEMOS\" class=\"u-url mention\">@PODEMOS<\/a>. Haremos justicia con lo que os han hecho.<br \/><br \/><a href=\"https:\/\/twitter.com\/ElSaltoDiario\/status\/1546139307823566853\" rel=\"noreferrer\">twitter.com\/ElSaltoDiario\/stat\u2026<\/a>","url":"https:\/\/libranet.de\/display\/0b6b25a8-2362-cafc-7c2c-bef657797381","status_net":{"notice_id":null}},"to":[{"objectType":"http:\/\/activitystrea.ms\/schema\/1.0\/collection","id":"http:\/\/activityschema.org\/collection\/public"}],"status_net":{"conversation":"tag:bobinas.p4g.club,2022-07-10:objectType=thread:nonce=643783b506bb8c91","notice_info":{"local_id":"1405578","source":"ActivityPub"}},"published":"2022-07-10T16:21:21+00:00","provider":{"objectType":"service","displayName":"Bobinas P4G","url":"https:\/\/bobinas.p4g.club\/"},"verb":"post","url":"https:\/\/libranet.de\/display\/0b6b25a8-2362-cafc-7c2c-bef657797381"}],"links":[{"url":"https:\/\/bobinas.p4g.club\/conversation\/979500","rel":"alternate","type":"text\/html"}]}