{"generator":"GNU social 2.0.1-beta0","title":"Conversation","totalItems":1,"items":[{"actor":{"id":"https:\/\/libranet.de\/profile\/obiolsfriendica","displayName":"Arfran","status_net":{"avatarLinks":[{"url":"https:\/\/bobinas.p4g.club\/avatar\/15910-96-20191106174134.jpeg","rel":"avatar","type":"image\/jpeg","width":96,"height":96},{"url":"https:\/\/bobinas.p4g.club\/avatar\/15910-48-20191106174134.jpeg","rel":"avatar","type":"image\/jpeg","width":48,"height":48},{"url":"https:\/\/bobinas.p4g.club\/avatar\/15910-24-20191106174134.jpeg","rel":"avatar","type":"image\/jpeg","width":24,"height":24}],"profile_info":{"local_id":"15910"}},"image":{"url":"https:\/\/bobinas.p4g.club\/avatar\/15910-96-20191106174134.jpeg","rel":"avatar","type":"image\/jpeg","width":96,"height":96},"objectType":"person","url":"https:\/\/libranet.de\/profile\/obiolsfriendica","portablecontacts_net":{"preferredUsername":"obiolsfriendica","displayName":"Arfran"}},"content":"<a href=\"https:\/\/twitter.com\/lamarea_com\/status\/1546115634085433346\">\u2672<\/a> @<a href=\"https:\/\/twitter.com\/lamarea_com\" class=\"url u-url mention\" title=\"lamarea_com@twitter.com\">lamarea_com@twitter.com<\/a>:\"Tambi\u00e9n tiene que explicar Ferreras desde cu\u00e1ndo, c\u00f3mo, por qu\u00e9 y a cambio de qu\u00e9 particip\u00f3, presuntamente, en la campa\u00f1a dirigida a impedir que Podemos pudiera ganar unas elecciones\". Por <a href=\"https:\/\/twitter.com\/patriciasimon\" class=\"u-url mention\">@patriciasimon<\/a> <br \/><a href=\"https:\/\/www.lamarea.com\/2022\/07\/10\/ferreras-esta-obligado-a-dar-explicaciones\/\" rel=\"noreferrer\">lamarea.com\/2022\/07\/10\/fer\u2026<\/a>","generator":{"id":"tag:bobinas.p4g.club,2026-05-02:notice-source:ActivityPub","objectType":"application","status_net":{"source_code":"ActivityPub"}},"id":"https:\/\/libranet.de\/objects\/0b6b25a8-1362-caff-4c04-e99841603930","object":{"id":"https:\/\/libranet.de\/objects\/0b6b25a8-1362-caff-4c04-e99841603930","objectType":"note","content":"<a href=\"https:\/\/twitter.com\/lamarea_com\/status\/1546115634085433346\">\u2672<\/a> @<a href=\"https:\/\/twitter.com\/lamarea_com\" class=\"url u-url mention\" title=\"lamarea_com@twitter.com\">lamarea_com@twitter.com<\/a>:\"Tambi\u00e9n tiene que explicar Ferreras desde cu\u00e1ndo, c\u00f3mo, por qu\u00e9 y a cambio de qu\u00e9 particip\u00f3, presuntamente, en la campa\u00f1a dirigida a impedir que Podemos pudiera ganar unas elecciones\". Por <a href=\"https:\/\/twitter.com\/patriciasimon\" class=\"u-url mention\">@patriciasimon<\/a> <br \/><a href=\"https:\/\/www.lamarea.com\/2022\/07\/10\/ferreras-esta-obligado-a-dar-explicaciones\/\" rel=\"noreferrer\">lamarea.com\/2022\/07\/10\/fer\u2026<\/a>","url":"https:\/\/libranet.de\/display\/0b6b25a8-1362-caff-4c04-e99841603930","status_net":{"notice_id":null}},"to":[{"objectType":"http:\/\/activitystrea.ms\/schema\/1.0\/collection","id":"http:\/\/activityschema.org\/collection\/public"}],"status_net":{"conversation":"tag:bobinas.p4g.club,2022-07-10:objectType=thread:nonce=70e980b971433336","notice_info":{"local_id":"1405580","source":"ActivityPub"}},"published":"2022-07-10T16:33:21+00:00","provider":{"objectType":"service","displayName":"Bobinas P4G","url":"https:\/\/bobinas.p4g.club\/"},"verb":"post","url":"https:\/\/libranet.de\/display\/0b6b25a8-1362-caff-4c04-e99841603930"}],"links":[{"url":"https:\/\/bobinas.p4g.club\/conversation\/979502","rel":"alternate","type":"text\/html"}]}