{"generator":"GNU social 2.0.1-beta0","title":"Conversation","totalItems":1,"items":[{"actor":{"id":"https:\/\/libranet.de\/profile\/obiolsfriendica","displayName":"Arfran","status_net":{"avatarLinks":[{"url":"https:\/\/bobinas.p4g.club\/avatar\/15910-96-20191106174134.jpeg","rel":"avatar","type":"image\/jpeg","width":96,"height":96},{"url":"https:\/\/bobinas.p4g.club\/avatar\/15910-48-20191106174134.jpeg","rel":"avatar","type":"image\/jpeg","width":48,"height":48},{"url":"https:\/\/bobinas.p4g.club\/avatar\/15910-24-20191106174134.jpeg","rel":"avatar","type":"image\/jpeg","width":24,"height":24}],"profile_info":{"local_id":"15910"}},"image":{"url":"https:\/\/bobinas.p4g.club\/avatar\/15910-96-20191106174134.jpeg","rel":"avatar","type":"image\/jpeg","width":96,"height":96},"objectType":"person","url":"https:\/\/libranet.de\/profile\/obiolsfriendica","portablecontacts_net":{"preferredUsername":"obiolsfriendica","displayName":"Arfran"}},"content":"<a href=\"https:\/\/twitter.com\/Jordi_Mz\/status\/1546092528046587904\">\u2672<\/a> @<a href=\"https:\/\/twitter.com\/Jordi_Mz\" class=\"url u-url mention\" title=\"Jordi_Mz@twitter.com\">Jordi_Mz@twitter.com<\/a>:En <a href=\"https:\/\/libranet.de\/search?tag=WillyToledo\" class=\"mention hashtag\" rel=\"tag\">#WillyToledo<\/a> ara i sempre donant la cara. Es m\u00e9s bon periodista aquest paio, sense ser-ho, que tots els que callen.<br \/><br \/>Spoiler: Tr\u00e0nquils, d'aqu\u00ed una setmana d'aix\u00f2 no se'n parla. Circulen!<br \/><br \/><a href=\"https:\/\/libranet.de\/search?tag=FerrerasFueraDeLaTV\" class=\"mention hashtag\" rel=\"tag\">#FerrerasFueraDeLaTV<\/a> <a href=\"https:\/\/libranet.de\/search?tag=Ferreras\" class=\"mention hashtag\" rel=\"tag\">#Ferreras<\/a> <a href=\"https:\/\/libranet.de\/search?tag=NoPodemos\" class=\"mention hashtag\" rel=\"tag\">#NoPodemos<\/a><br \/><br \/><a href=\"https:\/\/twitter.com\/muzeriqui\/status\/1542280904831340545\" rel=\"noreferrer\">twitter.com\/muzeriqui\/status\/1\u2026<\/a>","generator":{"id":"tag:bobinas.p4g.club,2026-05-02:notice-source:ActivityPub","objectType":"application","status_net":{"source_code":"ActivityPub"}},"id":"https:\/\/libranet.de\/objects\/0b6b25a8-7562-cb07-bc11-620273967066","object":{"id":"https:\/\/libranet.de\/objects\/0b6b25a8-7562-cb07-bc11-620273967066","objectType":"note","content":"<a href=\"https:\/\/twitter.com\/Jordi_Mz\/status\/1546092528046587904\">\u2672<\/a> @<a href=\"https:\/\/twitter.com\/Jordi_Mz\" class=\"url u-url mention\" title=\"Jordi_Mz@twitter.com\">Jordi_Mz@twitter.com<\/a>:En <a href=\"https:\/\/libranet.de\/search?tag=WillyToledo\" class=\"mention hashtag\" rel=\"tag\">#WillyToledo<\/a> ara i sempre donant la cara. Es m\u00e9s bon periodista aquest paio, sense ser-ho, que tots els que callen.<br \/><br \/>Spoiler: Tr\u00e0nquils, d'aqu\u00ed una setmana d'aix\u00f2 no se'n parla. Circulen!<br \/><br \/><a href=\"https:\/\/libranet.de\/search?tag=FerrerasFueraDeLaTV\" class=\"mention hashtag\" rel=\"tag\">#FerrerasFueraDeLaTV<\/a> <a href=\"https:\/\/libranet.de\/search?tag=Ferreras\" class=\"mention hashtag\" rel=\"tag\">#Ferreras<\/a> <a href=\"https:\/\/libranet.de\/search?tag=NoPodemos\" class=\"mention hashtag\" rel=\"tag\">#NoPodemos<\/a><br \/><br \/><a href=\"https:\/\/twitter.com\/muzeriqui\/status\/1542280904831340545\" rel=\"noreferrer\">twitter.com\/muzeriqui\/status\/1\u2026<\/a>","url":"https:\/\/libranet.de\/display\/0b6b25a8-7562-cb07-bc11-620273967066","status_net":{"notice_id":null},"tags":[{"objectType":"http:\/\/activityschema.org\/object\/hashtag","displayName":"ferreras"},{"objectType":"http:\/\/activityschema.org\/object\/hashtag","displayName":"ferrerasfueradelatv"},{"objectType":"http:\/\/activityschema.org\/object\/hashtag","displayName":"nopodemos"},{"objectType":"http:\/\/activityschema.org\/object\/hashtag","displayName":"willytoledo"}]},"to":[{"objectType":"http:\/\/activitystrea.ms\/schema\/1.0\/collection","id":"http:\/\/activityschema.org\/collection\/public"}],"status_net":{"conversation":"tag:bobinas.p4g.club,2022-07-10:objectType=thread:nonce=3a178abd5bf59dfb","notice_info":{"local_id":"1405585","source":"ActivityPub"}},"published":"2022-07-10T17:09:20+00:00","provider":{"objectType":"service","displayName":"Bobinas P4G","url":"https:\/\/bobinas.p4g.club\/"},"verb":"post","url":"https:\/\/libranet.de\/display\/0b6b25a8-7562-cb07-bc11-620273967066"}],"links":[{"url":"https:\/\/bobinas.p4g.club\/conversation\/979507","rel":"alternate","type":"text\/html"}]}