{"generator":"GNU social 2.0.1-beta0","title":"Conversation","totalItems":1,"items":[{"actor":{"id":"https:\/\/libranet.de\/profile\/obiolsfriendica","displayName":"Arfran","status_net":{"avatarLinks":[{"url":"https:\/\/bobinas.p4g.club\/avatar\/15910-96-20191106174134.jpeg","rel":"avatar","type":"image\/jpeg","width":96,"height":96},{"url":"https:\/\/bobinas.p4g.club\/avatar\/15910-48-20191106174134.jpeg","rel":"avatar","type":"image\/jpeg","width":48,"height":48},{"url":"https:\/\/bobinas.p4g.club\/avatar\/15910-24-20191106174134.jpeg","rel":"avatar","type":"image\/jpeg","width":24,"height":24}],"profile_info":{"local_id":"15910"}},"image":{"url":"https:\/\/bobinas.p4g.club\/avatar\/15910-96-20191106174134.jpeg","rel":"avatar","type":"image\/jpeg","width":96,"height":96},"objectType":"person","url":"https:\/\/libranet.de\/profile\/obiolsfriendica","portablecontacts_net":{"preferredUsername":"obiolsfriendica","displayName":"Arfran"}},"content":"<a href=\"https:\/\/twitter.com\/wilmaamat\/status\/1546041491860197377\">\u2672<\/a> @<a href=\"https:\/\/twitter.com\/wilmaamat\" class=\"url u-url mention\" title=\"wilmaamat@twitter.com\">wilmaamat@twitter.com<\/a>:<a href=\"https:\/\/twitter.com\/MiriamHaze\" class=\"u-url mention\">@MiriamHaze<\/a> <a href=\"https:\/\/twitter.com\/jove724\" class=\"u-url mention\">@jove724<\/a> Jo busco gent jove que vulgui fer i\/o aprendre a fer marges de pedra seca (zona Ametlla Mar-Baix Ebre). Agrair\u00e9 difusi\u00f3. Gr\u00e0cies","generator":{"id":"tag:bobinas.p4g.club,2026-05-03:notice-source:ActivityPub","objectType":"application","status_net":{"source_code":"ActivityPub"}},"id":"https:\/\/libranet.de\/objects\/0b6b25a8-4362-cb10-2c0e-1d1475518627","object":{"id":"https:\/\/libranet.de\/objects\/0b6b25a8-4362-cb10-2c0e-1d1475518627","objectType":"note","content":"<a href=\"https:\/\/twitter.com\/wilmaamat\/status\/1546041491860197377\">\u2672<\/a> @<a href=\"https:\/\/twitter.com\/wilmaamat\" class=\"url u-url mention\" title=\"wilmaamat@twitter.com\">wilmaamat@twitter.com<\/a>:<a href=\"https:\/\/twitter.com\/MiriamHaze\" class=\"u-url mention\">@MiriamHaze<\/a> <a href=\"https:\/\/twitter.com\/jove724\" class=\"u-url mention\">@jove724<\/a> Jo busco gent jove que vulgui fer i\/o aprendre a fer marges de pedra seca (zona Ametlla Mar-Baix Ebre). Agrair\u00e9 difusi\u00f3. Gr\u00e0cies","url":"https:\/\/libranet.de\/display\/0b6b25a8-4362-cb10-2c0e-1d1475518627","status_net":{"notice_id":null}},"to":[{"objectType":"http:\/\/activitystrea.ms\/schema\/1.0\/collection","id":"http:\/\/activityschema.org\/collection\/public"}],"status_net":{"conversation":"tag:bobinas.p4g.club,2022-07-10:objectType=thread:nonce=dbb952adfd21c851","notice_info":{"local_id":"1405595","source":"ActivityPub"}},"published":"2022-07-10T17:45:20+00:00","provider":{"objectType":"service","displayName":"Bobinas P4G","url":"https:\/\/bobinas.p4g.club\/"},"verb":"post","url":"https:\/\/libranet.de\/display\/0b6b25a8-4362-cb10-2c0e-1d1475518627"}],"links":[{"url":"https:\/\/bobinas.p4g.club\/conversation\/979517","rel":"alternate","type":"text\/html"}]}