{"generator":"GNU social 2.0.1-beta0","title":"Conversation","totalItems":1,"items":[{"actor":{"id":"https:\/\/libranet.de\/profile\/obiolsfriendica","displayName":"Arfran","status_net":{"avatarLinks":[{"url":"https:\/\/bobinas.p4g.club\/avatar\/15910-96-20191106174134.jpeg","rel":"avatar","type":"image\/jpeg","width":96,"height":96},{"url":"https:\/\/bobinas.p4g.club\/avatar\/15910-48-20191106174134.jpeg","rel":"avatar","type":"image\/jpeg","width":48,"height":48},{"url":"https:\/\/bobinas.p4g.club\/avatar\/15910-24-20191106174134.jpeg","rel":"avatar","type":"image\/jpeg","width":24,"height":24}],"profile_info":{"local_id":"15910"}},"image":{"url":"https:\/\/bobinas.p4g.club\/avatar\/15910-96-20191106174134.jpeg","rel":"avatar","type":"image\/jpeg","width":96,"height":96},"objectType":"person","url":"https:\/\/libranet.de\/profile\/obiolsfriendica","portablecontacts_net":{"preferredUsername":"obiolsfriendica","displayName":"Arfran"}},"content":"Tinc ganes de veure com gestionen el tema dels \u00e0udios de Ferreras, el <a href=\"https:\/\/twitter.com\/ConsellxRep\" class=\"u-url mention\">@ConsellxRep<\/a> <a href=\"https:\/\/twitter.com\/JuntsXCat\" class=\"u-url mention\">@JuntsXCat<\/a> I tots els que es diuen <a href=\"https:\/\/libranet.de\/search?tag=independentistes\" class=\"mention hashtag\" rel=\"tag\">#independentistes<\/a>. De moment no he vist cap comunicat per part de cap for\u00e7a pol\u00edtica o organitzaci\u00f3 independentista.","generator":{"id":"tag:bobinas.p4g.club,2026-05-02:notice-source:ActivityPub","objectType":"application","status_net":{"source_code":"ActivityPub"}},"id":"https:\/\/libranet.de\/objects\/0b6b25a8-2062-cb4b-370c-f3e734034758","object":{"id":"https:\/\/libranet.de\/objects\/0b6b25a8-2062-cb4b-370c-f3e734034758","objectType":"note","content":"Tinc ganes de veure com gestionen el tema dels \u00e0udios de Ferreras, el <a href=\"https:\/\/twitter.com\/ConsellxRep\" class=\"u-url mention\">@ConsellxRep<\/a> <a href=\"https:\/\/twitter.com\/JuntsXCat\" class=\"u-url mention\">@JuntsXCat<\/a> I tots els que es diuen <a href=\"https:\/\/libranet.de\/search?tag=independentistes\" class=\"mention hashtag\" rel=\"tag\">#independentistes<\/a>. De moment no he vist cap comunicat per part de cap for\u00e7a pol\u00edtica o organitzaci\u00f3 independentista.","url":"https:\/\/libranet.de\/display\/0b6b25a8-2062-cb4b-370c-f3e734034758","status_net":{"notice_id":null},"tags":[{"objectType":"http:\/\/activityschema.org\/object\/hashtag","displayName":"independentistes"}]},"to":[{"objectType":"http:\/\/activitystrea.ms\/schema\/1.0\/collection","id":"http:\/\/activityschema.org\/collection\/public"}],"status_net":{"conversation":"tag:bobinas.p4g.club,2022-07-10:objectType=thread:nonce=03fc3069baa99316","notice_info":{"local_id":"1405613","source":"ActivityPub"}},"published":"2022-07-10T21:57:30+00:00","provider":{"objectType":"service","displayName":"Bobinas P4G","url":"https:\/\/bobinas.p4g.club\/"},"verb":"post","url":"https:\/\/libranet.de\/display\/0b6b25a8-2062-cb4b-370c-f3e734034758"}],"links":[{"url":"https:\/\/bobinas.p4g.club\/conversation\/979534","rel":"alternate","type":"text\/html"}]}