{"generator":"GNU social 2.0.1-beta0","title":"Conversation","totalItems":1,"items":[{"actor":{"id":"https:\/\/libranet.de\/profile\/obiolsfriendica","displayName":"Arfran","status_net":{"avatarLinks":[{"url":"https:\/\/bobinas.p4g.club\/avatar\/15910-96-20191106174134.jpeg","rel":"avatar","type":"image\/jpeg","width":96,"height":96},{"url":"https:\/\/bobinas.p4g.club\/avatar\/15910-48-20191106174134.jpeg","rel":"avatar","type":"image\/jpeg","width":48,"height":48},{"url":"https:\/\/bobinas.p4g.club\/avatar\/15910-24-20191106174134.jpeg","rel":"avatar","type":"image\/jpeg","width":24,"height":24}],"profile_info":{"local_id":"15910"}},"image":{"url":"https:\/\/bobinas.p4g.club\/avatar\/15910-96-20191106174134.jpeg","rel":"avatar","type":"image\/jpeg","width":96,"height":96},"objectType":"person","url":"https:\/\/libranet.de\/profile\/obiolsfriendica","portablecontacts_net":{"preferredUsername":"obiolsfriendica","displayName":"Arfran"}},"content":"<a href=\"https:\/\/twitter.com\/BasanyBernat\/status\/1546023026722066432\">\u2672<\/a> @<a href=\"https:\/\/twitter.com\/BasanyBernat\" class=\"url u-url mention\" title=\"BasanyBernat@twitter.com\">BasanyBernat@twitter.com<\/a>:No us voldria amo\u00efnar per\u00f2 Alemanya t\u00e9 els 2 gasoductes tallats, i ja t\u00e9 previsi\u00f3 de tancament industrial.<br \/><br \/>Primer afectat: el vidre<br \/>Segon: l'acer<br \/>Tercer: ind\u00fastria aliment\u00e0ria<br \/><br \/>\ud83c\udf7f\ud83c\udf7f","generator":{"id":"tag:bobinas.p4g.club,2026-05-02:notice-source:ActivityPub","objectType":"application","status_net":{"source_code":"ActivityPub"}},"id":"https:\/\/libranet.de\/objects\/0b6b25a8-1562-cb50-d8a9-e7d656070837","object":{"id":"https:\/\/libranet.de\/objects\/0b6b25a8-1562-cb50-d8a9-e7d656070837","objectType":"note","content":"<a href=\"https:\/\/twitter.com\/BasanyBernat\/status\/1546023026722066432\">\u2672<\/a> @<a href=\"https:\/\/twitter.com\/BasanyBernat\" class=\"url u-url mention\" title=\"BasanyBernat@twitter.com\">BasanyBernat@twitter.com<\/a>:No us voldria amo\u00efnar per\u00f2 Alemanya t\u00e9 els 2 gasoductes tallats, i ja t\u00e9 previsi\u00f3 de tancament industrial.<br \/><br \/>Primer afectat: el vidre<br \/>Segon: l'acer<br \/>Tercer: ind\u00fastria aliment\u00e0ria<br \/><br \/>\ud83c\udf7f\ud83c\udf7f","url":"https:\/\/libranet.de\/display\/0b6b25a8-1562-cb50-d8a9-e7d656070837","status_net":{"notice_id":null}},"to":[{"objectType":"http:\/\/activitystrea.ms\/schema\/1.0\/collection","id":"http:\/\/activityschema.org\/collection\/public"}],"status_net":{"conversation":"tag:bobinas.p4g.club,2022-07-10:objectType=thread:nonce=4b6372a36332bb19","notice_info":{"local_id":"1405617","source":"ActivityPub"}},"published":"2022-07-10T22:21:16+00:00","provider":{"objectType":"service","displayName":"Bobinas P4G","url":"https:\/\/bobinas.p4g.club\/"},"verb":"post","url":"https:\/\/libranet.de\/display\/0b6b25a8-1562-cb50-d8a9-e7d656070837"}],"links":[{"url":"https:\/\/bobinas.p4g.club\/conversation\/979538","rel":"alternate","type":"text\/html"}]}