{"generator":"GNU social 2.0.1-beta0","title":"Conversation","totalItems":1,"items":[{"actor":{"id":"https:\/\/libranet.de\/profile\/obiolsfriendica","displayName":"Arfran","status_net":{"avatarLinks":[{"url":"https:\/\/bobinas.p4g.club\/avatar\/15910-96-20191106174134.jpeg","rel":"avatar","type":"image\/jpeg","width":96,"height":96},{"url":"https:\/\/bobinas.p4g.club\/avatar\/15910-48-20191106174134.jpeg","rel":"avatar","type":"image\/jpeg","width":48,"height":48},{"url":"https:\/\/bobinas.p4g.club\/avatar\/15910-24-20191106174134.jpeg","rel":"avatar","type":"image\/jpeg","width":24,"height":24}],"profile_info":{"local_id":"15910"}},"image":{"url":"https:\/\/bobinas.p4g.club\/avatar\/15910-96-20191106174134.jpeg","rel":"avatar","type":"image\/jpeg","width":96,"height":96},"objectType":"person","url":"https:\/\/libranet.de\/profile\/obiolsfriendica","portablecontacts_net":{"preferredUsername":"obiolsfriendica","displayName":"Arfran"}},"content":"No hi ha un pam de net. Ara enteneu perqu\u00e8 hi han h\u00f2sties per ocupar c\u00e0rrecs a l'administraci\u00f3?<br \/><br \/>Un testimoni del cas Voloh esquitxa Aragon\u00e8s pel \u2018pilotasso\u2019 de Vendrell<br \/>Una representant de la Fundaci\u00f3 La Caixa declara que van pagar un centre de la fundaci\u00f3 El Brot a proposta de Vicepresid\u00e8ncia de la Generalitat<br \/><a href=\"https:\/\/www.eltriangle.eu\/2022\/06\/14\/un-testimoni-del-cas-voloh-esquitxa-aragones-pel-pilotasso-de-vendrell\/\" rel=\"noreferrer\">www.eltriangle.eu\/2022\/06\/14\/u\u2026<\/a>","generator":{"id":"tag:bobinas.p4g.club,2026-05-02:notice-source:ActivityPub","objectType":"application","status_net":{"source_code":"ActivityPub"}},"id":"https:\/\/libranet.de\/objects\/0b6b25a8-3862-cbfb-ff17-5bf563136518","object":{"id":"https:\/\/libranet.de\/objects\/0b6b25a8-3862-cbfb-ff17-5bf563136518","objectType":"note","content":"No hi ha un pam de net. Ara enteneu perqu\u00e8 hi han h\u00f2sties per ocupar c\u00e0rrecs a l'administraci\u00f3?<br \/><br \/>Un testimoni del cas Voloh esquitxa Aragon\u00e8s pel \u2018pilotasso\u2019 de Vendrell<br \/>Una representant de la Fundaci\u00f3 La Caixa declara que van pagar un centre de la fundaci\u00f3 El Brot a proposta de Vicepresid\u00e8ncia de la Generalitat<br \/><a href=\"https:\/\/www.eltriangle.eu\/2022\/06\/14\/un-testimoni-del-cas-voloh-esquitxa-aragones-pel-pilotasso-de-vendrell\/\" rel=\"noreferrer\">www.eltriangle.eu\/2022\/06\/14\/u\u2026<\/a>","url":"https:\/\/libranet.de\/display\/0b6b25a8-3862-cbfb-ff17-5bf563136518","status_net":{"notice_id":null}},"to":[{"objectType":"http:\/\/activitystrea.ms\/schema\/1.0\/collection","id":"http:\/\/activityschema.org\/collection\/public"}],"status_net":{"conversation":"tag:bobinas.p4g.club,2022-07-11:objectType=thread:nonce=3ed9ff92381278ca","notice_info":{"local_id":"1405653","source":"ActivityPub"}},"published":"2022-07-11T10:31:36+00:00","provider":{"objectType":"service","displayName":"Bobinas P4G","url":"https:\/\/bobinas.p4g.club\/"},"verb":"post","url":"https:\/\/libranet.de\/display\/0b6b25a8-3862-cbfb-ff17-5bf563136518"}],"links":[{"url":"https:\/\/bobinas.p4g.club\/conversation\/979569","rel":"alternate","type":"text\/html"}]}