{"generator":"GNU social 2.0.1-beta0","title":"Conversation","totalItems":1,"items":[{"actor":{"id":"https:\/\/libranet.de\/profile\/obiolsfriendica","displayName":"Arfran","status_net":{"avatarLinks":[{"url":"https:\/\/bobinas.p4g.club\/avatar\/15910-96-20191106174134.jpeg","rel":"avatar","type":"image\/jpeg","width":96,"height":96},{"url":"https:\/\/bobinas.p4g.club\/avatar\/15910-48-20191106174134.jpeg","rel":"avatar","type":"image\/jpeg","width":48,"height":48},{"url":"https:\/\/bobinas.p4g.club\/avatar\/15910-24-20191106174134.jpeg","rel":"avatar","type":"image\/jpeg","width":24,"height":24}],"profile_info":{"local_id":"15910"}},"image":{"url":"https:\/\/bobinas.p4g.club\/avatar\/15910-96-20191106174134.jpeg","rel":"avatar","type":"image\/jpeg","width":96,"height":96},"objectType":"person","url":"https:\/\/libranet.de\/profile\/obiolsfriendica","portablecontacts_net":{"preferredUsername":"obiolsfriendica","displayName":"Arfran"}},"content":"<a href=\"https:\/\/twitter.com\/miquelstrubell\/status\/1546498951486078978\">\u2672<\/a> @<a href=\"https:\/\/twitter.com\/miquelstrubell\" class=\"url u-url mention\" title=\"miquelstrubell@twitter.com\">miquelstrubell@twitter.com<\/a>:Avui li donen la Creu de Sant Jordi al meu pare, en Miquel Strubell i Trueta. Tant de bo la recoll\u00eds ell mateix, per\u00f2 \u00f2bviament no podr\u00e0 ser. Ens queda el consol que li vam poder dir que la rebria en una de les \u00faltimes converses que hi vam tenir. Es pensava que li pren\u00edem el p\u00e8l.","generator":{"id":"tag:bobinas.p4g.club,2026-05-03:notice-source:ActivityPub","objectType":"application","status_net":{"source_code":"ActivityPub"}},"id":"https:\/\/libranet.de\/objects\/0b6b25a8-1362-cc62-f3c4-a5d840623253","object":{"id":"https:\/\/libranet.de\/objects\/0b6b25a8-1362-cc62-f3c4-a5d840623253","objectType":"note","content":"<a href=\"https:\/\/twitter.com\/miquelstrubell\/status\/1546498951486078978\">\u2672<\/a> @<a href=\"https:\/\/twitter.com\/miquelstrubell\" class=\"url u-url mention\" title=\"miquelstrubell@twitter.com\">miquelstrubell@twitter.com<\/a>:Avui li donen la Creu de Sant Jordi al meu pare, en Miquel Strubell i Trueta. Tant de bo la recoll\u00eds ell mateix, per\u00f2 \u00f2bviament no podr\u00e0 ser. Ens queda el consol que li vam poder dir que la rebria en una de les \u00faltimes converses que hi vam tenir. Es pensava que li pren\u00edem el p\u00e8l.","url":"https:\/\/libranet.de\/display\/0b6b25a8-1362-cc62-f3c4-a5d840623253","status_net":{"notice_id":null}},"to":[{"objectType":"http:\/\/activitystrea.ms\/schema\/1.0\/collection","id":"http:\/\/activityschema.org\/collection\/public"}],"status_net":{"conversation":"tag:bobinas.p4g.club,2022-07-11:objectType=thread:nonce=56db82c9a575d6b5","notice_info":{"local_id":"1405703","source":"ActivityPub"}},"published":"2022-07-11T17:50:51+00:00","provider":{"objectType":"service","displayName":"Bobinas P4G","url":"https:\/\/bobinas.p4g.club\/"},"verb":"post","url":"https:\/\/libranet.de\/display\/0b6b25a8-1362-cc62-f3c4-a5d840623253"}],"links":[{"url":"https:\/\/bobinas.p4g.club\/conversation\/979609","rel":"alternate","type":"text\/html"}]}