{"generator":"GNU social 2.0.1-beta0","title":"Conversation","totalItems":1,"items":[{"actor":{"id":"https:\/\/libranet.de\/profile\/obiolsfriendica","displayName":"Arfran","status_net":{"avatarLinks":[{"url":"https:\/\/bobinas.p4g.club\/avatar\/15910-96-20191106174134.jpeg","rel":"avatar","type":"image\/jpeg","width":96,"height":96},{"url":"https:\/\/bobinas.p4g.club\/avatar\/15910-48-20191106174134.jpeg","rel":"avatar","type":"image\/jpeg","width":48,"height":48},{"url":"https:\/\/bobinas.p4g.club\/avatar\/15910-24-20191106174134.jpeg","rel":"avatar","type":"image\/jpeg","width":24,"height":24}],"profile_info":{"local_id":"15910"}},"image":{"url":"https:\/\/bobinas.p4g.club\/avatar\/15910-96-20191106174134.jpeg","rel":"avatar","type":"image\/jpeg","width":96,"height":96},"objectType":"person","url":"https:\/\/libranet.de\/profile\/obiolsfriendica","portablecontacts_net":{"preferredUsername":"obiolsfriendica","displayName":"Arfran"}},"content":"<a href=\"https:\/\/twitter.com\/_VictoriaAlsina\/status\/1546565313843560454\">\u2672<\/a> @<a href=\"https:\/\/twitter.com\/_VictoriaAlsina\" class=\"url u-url mention\" title=\"_VictoriaAlsina@twitter.com\">_VictoriaAlsina@twitter.com<\/a>:La Rosa Maria va fer 95 anys dissabte i ha rebut la distinci\u00f3 a la delegaci\u00f3 del Govern <a href=\"https:\/\/twitter.com\/Catalonia_MX\" class=\"u-url mention\">@Catalonia_MX<\/a>. Se li reconeix la seva voluntat de preservar i difondre la mem\u00f2ria de l\u2019exili catal\u00e0 a M\u00e8xic, la divulgaci\u00f3 acad\u00e8mica de la cultura catalana i el seu ferm comprom\u00eds nacional.","generator":{"id":"tag:bobinas.p4g.club,2026-05-01:notice-source:ActivityPub","objectType":"application","status_net":{"source_code":"ActivityPub"}},"id":"https:\/\/libranet.de\/objects\/0b6b25a8-2962-cd4a-c266-799218209824","object":{"id":"https:\/\/libranet.de\/objects\/0b6b25a8-2962-cd4a-c266-799218209824","objectType":"note","content":"<a href=\"https:\/\/twitter.com\/_VictoriaAlsina\/status\/1546565313843560454\">\u2672<\/a> @<a href=\"https:\/\/twitter.com\/_VictoriaAlsina\" class=\"url u-url mention\" title=\"_VictoriaAlsina@twitter.com\">_VictoriaAlsina@twitter.com<\/a>:La Rosa Maria va fer 95 anys dissabte i ha rebut la distinci\u00f3 a la delegaci\u00f3 del Govern <a href=\"https:\/\/twitter.com\/Catalonia_MX\" class=\"u-url mention\">@Catalonia_MX<\/a>. Se li reconeix la seva voluntat de preservar i difondre la mem\u00f2ria de l\u2019exili catal\u00e0 a M\u00e8xic, la divulgaci\u00f3 acad\u00e8mica de la cultura catalana i el seu ferm comprom\u00eds nacional.","url":"https:\/\/libranet.de\/display\/0b6b25a8-2962-cd4a-c266-799218209824","status_net":{"notice_id":null}},"to":[{"objectType":"http:\/\/activitystrea.ms\/schema\/1.0\/collection","id":"http:\/\/activityschema.org\/collection\/public"}],"status_net":{"conversation":"tag:bobinas.p4g.club,2022-07-12:objectType=thread:nonce=a83023476dcbe0ea","notice_info":{"local_id":"1405886","source":"ActivityPub"}},"published":"2022-07-12T10:21:05+00:00","provider":{"objectType":"service","displayName":"Bobinas P4G","url":"https:\/\/bobinas.p4g.club\/"},"verb":"post","url":"https:\/\/libranet.de\/display\/0b6b25a8-2962-cd4a-c266-799218209824"}],"links":[{"url":"https:\/\/bobinas.p4g.club\/conversation\/979726","rel":"alternate","type":"text\/html"}]}