{"generator":"GNU social 2.0.1-beta0","title":"Conversation","totalItems":1,"items":[{"actor":{"id":"https:\/\/libranet.de\/profile\/obiolsfriendica","displayName":"Arfran","status_net":{"avatarLinks":[{"url":"https:\/\/bobinas.p4g.club\/avatar\/15910-96-20191106174134.jpeg","rel":"avatar","type":"image\/jpeg","width":96,"height":96},{"url":"https:\/\/bobinas.p4g.club\/avatar\/15910-48-20191106174134.jpeg","rel":"avatar","type":"image\/jpeg","width":48,"height":48},{"url":"https:\/\/bobinas.p4g.club\/avatar\/15910-24-20191106174134.jpeg","rel":"avatar","type":"image\/jpeg","width":24,"height":24}],"profile_info":{"local_id":"15910"}},"image":{"url":"https:\/\/bobinas.p4g.club\/avatar\/15910-96-20191106174134.jpeg","rel":"avatar","type":"image\/jpeg","width":96,"height":96},"objectType":"person","url":"https:\/\/libranet.de\/profile\/obiolsfriendica","portablecontacts_net":{"preferredUsername":"obiolsfriendica","displayName":"Arfran"}},"content":"<a href=\"https:\/\/twitter.com\/lolasevaalospu2\/status\/1547121510904627200\">\u2672<\/a> @<a href=\"https:\/\/twitter.com\/lolasevaalospu2\" class=\"url u-url mention\" title=\"lolasevaalospu2@twitter.com\">lolasevaalospu2@twitter.com<\/a>:Les forces repressores del r\u00e8gim franquista,. prohibeixen que els catalufos no portin res de color  groc.<br \/><br \/>Per\u00f2 aix\u00f2 no \u00e9s repressi\u00f3 <br \/>","generator":{"id":"tag:bobinas.p4g.club,2026-04-29:notice-source:ActivityPub","objectType":"application","status_net":{"source_code":"ActivityPub"}},"id":"https:\/\/libranet.de\/objects\/0b6b25a8-1362-cf38-a809-8d4582899478","object":{"id":"https:\/\/libranet.de\/objects\/0b6b25a8-1362-cf38-a809-8d4582899478","objectType":"note","content":"<a href=\"https:\/\/twitter.com\/lolasevaalospu2\/status\/1547121510904627200\">\u2672<\/a> @<a href=\"https:\/\/twitter.com\/lolasevaalospu2\" class=\"url u-url mention\" title=\"lolasevaalospu2@twitter.com\">lolasevaalospu2@twitter.com<\/a>:Les forces repressores del r\u00e8gim franquista,. prohibeixen que els catalufos no portin res de color  groc.<br \/><br \/>Per\u00f2 aix\u00f2 no \u00e9s repressi\u00f3 <br \/>","url":"https:\/\/libranet.de\/display\/0b6b25a8-1362-cf38-a809-8d4582899478","status_net":{"notice_id":null}},"to":[{"objectType":"http:\/\/activitystrea.ms\/schema\/1.0\/collection","id":"http:\/\/activityschema.org\/collection\/public"}],"status_net":{"conversation":"tag:bobinas.p4g.club,2022-07-13:objectType=thread:nonce=568a58c5ab61274f","notice_info":{"local_id":"1406197","source":"ActivityPub"}},"published":"2022-07-13T21:27:09+00:00","provider":{"objectType":"service","displayName":"Bobinas P4G","url":"https:\/\/bobinas.p4g.club\/"},"verb":"post","url":"https:\/\/libranet.de\/display\/0b6b25a8-1362-cf38-a809-8d4582899478"}],"links":[{"url":"https:\/\/bobinas.p4g.club\/conversation\/979933","rel":"alternate","type":"text\/html"}]}