{"generator":"GNU social 2.0.1-beta0","title":"Conversation","totalItems":1,"items":[{"actor":{"id":"https:\/\/libranet.de\/profile\/obiolsfriendica","displayName":"Arfran","status_net":{"avatarLinks":[{"url":"https:\/\/bobinas.p4g.club\/avatar\/15910-96-20191106174134.jpeg","rel":"avatar","type":"image\/jpeg","width":96,"height":96},{"url":"https:\/\/bobinas.p4g.club\/avatar\/15910-48-20191106174134.jpeg","rel":"avatar","type":"image\/jpeg","width":48,"height":48},{"url":"https:\/\/bobinas.p4g.club\/avatar\/15910-24-20191106174134.jpeg","rel":"avatar","type":"image\/jpeg","width":24,"height":24}],"profile_info":{"local_id":"15910"}},"image":{"url":"https:\/\/bobinas.p4g.club\/avatar\/15910-96-20191106174134.jpeg","rel":"avatar","type":"image\/jpeg","width":96,"height":96},"objectType":"person","url":"https:\/\/libranet.de\/profile\/obiolsfriendica","portablecontacts_net":{"preferredUsername":"obiolsfriendica","displayName":"Arfran"}},"content":"<a href=\"https:\/\/twitter.com\/324cat\/status\/1547519741920690176\">\u2672<\/a> @<a href=\"https:\/\/twitter.com\/324cat\" class=\"url u-url mention\" title=\"324cat@twitter.com\">324cat@twitter.com<\/a>:\u26a0 <a href=\"https:\/\/libranet.de\/search?tag=%C3%9AltimaHora\" class=\"mention hashtag\" rel=\"tag\">#\u00daltimaHora<\/a> La Fiscalia demana 6 anys de pres\u00f3 per a Laura Borr\u00e0s i 21 anys d'inhabilitaci\u00f3 per prevaricaci\u00f3 i falsedat documental <a href=\"https:\/\/bit.ly\/3yHt3i8\" rel=\"noreferrer\">bit.ly\/3yHt3i8<\/a>","generator":{"id":"tag:bobinas.p4g.club,2026-04-30:notice-source:ActivityPub","objectType":"application","status_net":{"source_code":"ActivityPub"}},"id":"https:\/\/libranet.de\/objects\/0b6b25a8-5662-cfee-1f54-106196379170","object":{"id":"https:\/\/libranet.de\/objects\/0b6b25a8-5662-cfee-1f54-106196379170","objectType":"note","content":"<a href=\"https:\/\/twitter.com\/324cat\/status\/1547519741920690176\">\u2672<\/a> @<a href=\"https:\/\/twitter.com\/324cat\" class=\"url u-url mention\" title=\"324cat@twitter.com\">324cat@twitter.com<\/a>:\u26a0 <a href=\"https:\/\/libranet.de\/search?tag=%C3%9AltimaHora\" class=\"mention hashtag\" rel=\"tag\">#\u00daltimaHora<\/a> La Fiscalia demana 6 anys de pres\u00f3 per a Laura Borr\u00e0s i 21 anys d'inhabilitaci\u00f3 per prevaricaci\u00f3 i falsedat documental <a href=\"https:\/\/bit.ly\/3yHt3i8\" rel=\"noreferrer\">bit.ly\/3yHt3i8<\/a>","url":"https:\/\/libranet.de\/display\/0b6b25a8-5662-cfee-1f54-106196379170","status_net":{"notice_id":null},"tags":[{"objectType":"http:\/\/activityschema.org\/object\/hashtag","displayName":"ultimahora"}]},"to":[{"objectType":"http:\/\/activitystrea.ms\/schema\/1.0\/collection","id":"http:\/\/activityschema.org\/collection\/public"}],"status_net":{"conversation":"tag:bobinas.p4g.club,2022-07-14:objectType=thread:nonce=f40680f703b51d26","notice_info":{"local_id":"1406266","source":"ActivityPub"}},"published":"2022-07-14T10:21:26+00:00","provider":{"objectType":"service","displayName":"Bobinas P4G","url":"https:\/\/bobinas.p4g.club\/"},"verb":"post","url":"https:\/\/libranet.de\/display\/0b6b25a8-5662-cfee-1f54-106196379170"}],"links":[{"url":"https:\/\/bobinas.p4g.club\/conversation\/979984","rel":"alternate","type":"text\/html"}]}