{"generator":"GNU social 2.0.1-beta0","title":"Conversation","totalItems":1,"items":[{"actor":{"id":"https:\/\/libranet.de\/profile\/obiolsfriendica","displayName":"Arfran","status_net":{"avatarLinks":[{"url":"https:\/\/bobinas.p4g.club\/avatar\/15910-96-20191106174134.jpeg","rel":"avatar","type":"image\/jpeg","width":96,"height":96},{"url":"https:\/\/bobinas.p4g.club\/avatar\/15910-48-20191106174134.jpeg","rel":"avatar","type":"image\/jpeg","width":48,"height":48},{"url":"https:\/\/bobinas.p4g.club\/avatar\/15910-24-20191106174134.jpeg","rel":"avatar","type":"image\/jpeg","width":24,"height":24}],"profile_info":{"local_id":"15910"}},"image":{"url":"https:\/\/bobinas.p4g.club\/avatar\/15910-96-20191106174134.jpeg","rel":"avatar","type":"image\/jpeg","width":96,"height":96},"objectType":"person","url":"https:\/\/libranet.de\/profile\/obiolsfriendica","portablecontacts_net":{"preferredUsername":"obiolsfriendica","displayName":"Arfran"}},"content":"<a href=\"https:\/\/twitter.com\/MovEsquerres\/status\/1547509069182803968\">\u2672<\/a> @<a href=\"https:\/\/twitter.com\/MovEsquerres\" class=\"url u-url mention\" title=\"MovEsquerres@twitter.com\">MovEsquerres@twitter.com<\/a>:Aquesta nit ens ha deixat Pau Miserachs. <br \/>Amic i company. Defensor de les pol\u00edtiques socials i gran lluitador, fins l'\u00faltim moment, per la rep\u00fablica catalana.<br \/>Que la terra et sigui lleu. Et trobarem molt a faltar.","generator":{"id":"tag:bobinas.p4g.club,2026-04-29:notice-source:ActivityPub","objectType":"application","status_net":{"source_code":"ActivityPub"}},"id":"https:\/\/libranet.de\/objects\/0b6b25a8-1362-d196-c60d-2a5169742385","object":{"id":"https:\/\/libranet.de\/objects\/0b6b25a8-1362-d196-c60d-2a5169742385","objectType":"note","content":"<a href=\"https:\/\/twitter.com\/MovEsquerres\/status\/1547509069182803968\">\u2672<\/a> @<a href=\"https:\/\/twitter.com\/MovEsquerres\" class=\"url u-url mention\" title=\"MovEsquerres@twitter.com\">MovEsquerres@twitter.com<\/a>:Aquesta nit ens ha deixat Pau Miserachs. <br \/>Amic i company. Defensor de les pol\u00edtiques socials i gran lluitador, fins l'\u00faltim moment, per la rep\u00fablica catalana.<br \/>Que la terra et sigui lleu. Et trobarem molt a faltar.","url":"https:\/\/libranet.de\/display\/0b6b25a8-1362-d196-c60d-2a5169742385","status_net":{"notice_id":null}},"to":[{"objectType":"http:\/\/activitystrea.ms\/schema\/1.0\/collection","id":"http:\/\/activityschema.org\/collection\/public"}],"status_net":{"conversation":"tag:bobinas.p4g.club,2022-07-15:objectType=thread:nonce=2333b781100c08cd","notice_info":{"local_id":"1406412","source":"ActivityPub"}},"published":"2022-07-15T16:33:13+00:00","provider":{"objectType":"service","displayName":"Bobinas P4G","url":"https:\/\/bobinas.p4g.club\/"},"verb":"post","url":"https:\/\/libranet.de\/display\/0b6b25a8-1362-d196-c60d-2a5169742385"}],"links":[{"url":"https:\/\/bobinas.p4g.club\/conversation\/980080","rel":"alternate","type":"text\/html"}]}