{"generator":"GNU social 2.0.1-beta0","title":"Conversation","totalItems":1,"items":[{"actor":{"id":"https:\/\/libranet.de\/profile\/obiolsfriendica","displayName":"Arfran","status_net":{"avatarLinks":[{"url":"https:\/\/bobinas.p4g.club\/avatar\/15910-96-20191106174134.jpeg","rel":"avatar","type":"image\/jpeg","width":96,"height":96},{"url":"https:\/\/bobinas.p4g.club\/avatar\/15910-48-20191106174134.jpeg","rel":"avatar","type":"image\/jpeg","width":48,"height":48},{"url":"https:\/\/bobinas.p4g.club\/avatar\/15910-24-20191106174134.jpeg","rel":"avatar","type":"image\/jpeg","width":24,"height":24}],"profile_info":{"local_id":"15910"}},"image":{"url":"https:\/\/bobinas.p4g.club\/avatar\/15910-96-20191106174134.jpeg","rel":"avatar","type":"image\/jpeg","width":96,"height":96},"objectType":"person","url":"https:\/\/libranet.de\/profile\/obiolsfriendica","portablecontacts_net":{"preferredUsername":"obiolsfriendica","displayName":"Arfran"}},"content":"<a href=\"https:\/\/twitter.com\/eldiarioes\/status\/1548022083531075585\">\u2672<\/a> @<a href=\"https:\/\/twitter.com\/eldiarioes\" class=\"url u-url mention\" title=\"eldiarioes@twitter.com\">eldiarioes@twitter.com<\/a>:El robo que la presidenta del Parlament, Laura Borr\u00e0s, denunci\u00f3 ante los Mossos d'Esquadra el pasado mes de junio no fue en su casa, como ella misma explic\u00f3 en Twitter, sino en un trastero comunitario donde los ladrones forzaron varias estancias <a href=\"https:\/\/www.eldiario.es\/catalunya\/laura-borras-denuncio-robo-casa-realidad-trastero_1_9173505.html\" rel=\"noreferrer\">eldiario.es\/catalunya\/laur\u2026<\/a>","generator":{"id":"tag:bobinas.p4g.club,2026-04-28:notice-source:ActivityPub","objectType":"application","status_net":{"source_code":"ActivityPub"}},"id":"https:\/\/libranet.de\/objects\/0b6b25a8-4062-d2d9-7b2c-8aa172752809","object":{"id":"https:\/\/libranet.de\/objects\/0b6b25a8-4062-d2d9-7b2c-8aa172752809","objectType":"note","content":"<a href=\"https:\/\/twitter.com\/eldiarioes\/status\/1548022083531075585\">\u2672<\/a> @<a href=\"https:\/\/twitter.com\/eldiarioes\" class=\"url u-url mention\" title=\"eldiarioes@twitter.com\">eldiarioes@twitter.com<\/a>:El robo que la presidenta del Parlament, Laura Borr\u00e0s, denunci\u00f3 ante los Mossos d'Esquadra el pasado mes de junio no fue en su casa, como ella misma explic\u00f3 en Twitter, sino en un trastero comunitario donde los ladrones forzaron varias estancias <a href=\"https:\/\/www.eldiario.es\/catalunya\/laura-borras-denuncio-robo-casa-realidad-trastero_1_9173505.html\" rel=\"noreferrer\">eldiario.es\/catalunya\/laur\u2026<\/a>","url":"https:\/\/libranet.de\/display\/0b6b25a8-4062-d2d9-7b2c-8aa172752809","status_net":{"notice_id":null}},"to":[{"objectType":"http:\/\/activitystrea.ms\/schema\/1.0\/collection","id":"http:\/\/activityschema.org\/collection\/public"}],"status_net":{"conversation":"tag:bobinas.p4g.club,2022-07-16:objectType=thread:nonce=ce2f24aa7f8d626c","notice_info":{"local_id":"1406656","source":"ActivityPub"}},"published":"2022-07-16T15:30:05+00:00","provider":{"objectType":"service","displayName":"Bobinas P4G","url":"https:\/\/bobinas.p4g.club\/"},"verb":"post","url":"https:\/\/libranet.de\/display\/0b6b25a8-4062-d2d9-7b2c-8aa172752809"}],"links":[{"url":"https:\/\/bobinas.p4g.club\/conversation\/980217","rel":"alternate","type":"text\/html"}]}