{"generator":"GNU social 2.0.1-beta0","title":"Conversation","totalItems":1,"items":[{"actor":{"id":"https:\/\/libranet.de\/profile\/obiolsfriendica","displayName":"Arfran","status_net":{"avatarLinks":[{"url":"https:\/\/bobinas.p4g.club\/avatar\/15910-96-20191106174134.jpeg","rel":"avatar","type":"image\/jpeg","width":96,"height":96},{"url":"https:\/\/bobinas.p4g.club\/avatar\/15910-48-20191106174134.jpeg","rel":"avatar","type":"image\/jpeg","width":48,"height":48},{"url":"https:\/\/bobinas.p4g.club\/avatar\/15910-24-20191106174134.jpeg","rel":"avatar","type":"image\/jpeg","width":24,"height":24}],"profile_info":{"local_id":"15910"}},"image":{"url":"https:\/\/bobinas.p4g.club\/avatar\/15910-96-20191106174134.jpeg","rel":"avatar","type":"image\/jpeg","width":96,"height":96},"objectType":"person","url":"https:\/\/libranet.de\/profile\/obiolsfriendica","portablecontacts_net":{"preferredUsername":"obiolsfriendica","displayName":"Arfran"}},"content":"<a href=\"https:\/\/twitter.com\/JACS_JaumeACS\/status\/1548360022735740930\">\u2672<\/a> @<a href=\"https:\/\/twitter.com\/JACS_JaumeACS\" class=\"url u-url mention\" title=\"JACS_JaumeACS@twitter.com\">JACS_JaumeACS@twitter.com<\/a>:M\u00e9s di\u00e0leg, que \u00e9s la guerra !<br \/><br \/>El PP i el PSOE pacten reformar les euroordres per evitar casos com el de Puigdemont <a href=\"https:\/\/www.elnacional.cat\/ca\/politica\/pp-govern-espanyol-pacten-reformar-euroordres-evitar-casos-puigdemont_788397_102.html\" rel=\"noreferrer\">elnacional.cat\/ca\/politica\/pp\u2026<\/a>","generator":{"id":"tag:bobinas.p4g.club,2026-04-28:notice-source:ActivityPub","objectType":"application","status_net":{"source_code":"ActivityPub"}},"id":"https:\/\/libranet.de\/objects\/0b6b25a8-6962-d33f-a1b6-d2b111783633","object":{"id":"https:\/\/libranet.de\/objects\/0b6b25a8-6962-d33f-a1b6-d2b111783633","objectType":"note","content":"<a href=\"https:\/\/twitter.com\/JACS_JaumeACS\/status\/1548360022735740930\">\u2672<\/a> @<a href=\"https:\/\/twitter.com\/JACS_JaumeACS\" class=\"url u-url mention\" title=\"JACS_JaumeACS@twitter.com\">JACS_JaumeACS@twitter.com<\/a>:M\u00e9s di\u00e0leg, que \u00e9s la guerra !<br \/><br \/>El PP i el PSOE pacten reformar les euroordres per evitar casos com el de Puigdemont <a href=\"https:\/\/www.elnacional.cat\/ca\/politica\/pp-govern-espanyol-pacten-reformar-euroordres-evitar-casos-puigdemont_788397_102.html\" rel=\"noreferrer\">elnacional.cat\/ca\/politica\/pp\u2026<\/a>","url":"https:\/\/libranet.de\/display\/0b6b25a8-6962-d33f-a1b6-d2b111783633","status_net":{"notice_id":null}},"to":[{"objectType":"http:\/\/activitystrea.ms\/schema\/1.0\/collection","id":"http:\/\/activityschema.org\/collection\/public"}],"status_net":{"conversation":"tag:bobinas.p4g.club,2022-07-16:objectType=thread:nonce=4c797f9172856036","notice_info":{"local_id":"1406743","source":"ActivityPub"}},"published":"2022-07-16T22:45:56+00:00","provider":{"objectType":"service","displayName":"Bobinas P4G","url":"https:\/\/bobinas.p4g.club\/"},"verb":"post","url":"https:\/\/libranet.de\/display\/0b6b25a8-6962-d33f-a1b6-d2b111783633"}],"links":[{"url":"https:\/\/bobinas.p4g.club\/conversation\/980279","rel":"alternate","type":"text\/html"}]}