{"generator":"GNU social 2.0.1-beta0","title":"Conversation","totalItems":1,"items":[{"actor":{"id":"https:\/\/libranet.de\/profile\/obiolsfriendica","displayName":"Arfran","status_net":{"avatarLinks":[{"url":"https:\/\/bobinas.p4g.club\/avatar\/15910-96-20191106174134.jpeg","rel":"avatar","type":"image\/jpeg","width":96,"height":96},{"url":"https:\/\/bobinas.p4g.club\/avatar\/15910-48-20191106174134.jpeg","rel":"avatar","type":"image\/jpeg","width":48,"height":48},{"url":"https:\/\/bobinas.p4g.club\/avatar\/15910-24-20191106174134.jpeg","rel":"avatar","type":"image\/jpeg","width":24,"height":24}],"profile_info":{"local_id":"15910"}},"image":{"url":"https:\/\/bobinas.p4g.club\/avatar\/15910-96-20191106174134.jpeg","rel":"avatar","type":"image\/jpeg","width":96,"height":96},"objectType":"person","url":"https:\/\/libranet.de\/profile\/obiolsfriendica","portablecontacts_net":{"preferredUsername":"obiolsfriendica","displayName":"Arfran"}},"content":"Pa per avui gana per dem\u00e0.<br \/>WIXI News | Guerra Ucrania - Rusia | Noticias, [17\/7\/22 13:15]<br \/>[ Foto ]<br \/>\ud83c\udde9\ud83c\uddea Alemania reinicia 16 centrales el\u00e9ctricas de combustibles f\u00f3siles para reducir la dependencia energ\u00e9tica de Rusia<br \/><br \/>Olaf Scholz expres\u00f3 su pesar por tal decisi\u00f3n y enfatiz\u00f3 que esta era solo una medida temporal. Scholz asegura que su gobierno har\u00e1 todo lo posible para enfrentar la crisis clim\u00e1tica.<br \/><br \/>t.me\/wixinews | wixi.es","generator":{"id":"tag:bobinas.p4g.club,2026-04-28:notice-source:ActivityPub","objectType":"application","status_net":{"source_code":"ActivityPub"}},"id":"https:\/\/libranet.de\/objects\/0b6b25a8-2062-d3ef-bdef-30c376760136","object":{"id":"https:\/\/libranet.de\/objects\/0b6b25a8-2062-d3ef-bdef-30c376760136","objectType":"note","content":"Pa per avui gana per dem\u00e0.<br \/>WIXI News | Guerra Ucrania - Rusia | Noticias, [17\/7\/22 13:15]<br \/>[ Foto ]<br \/>\ud83c\udde9\ud83c\uddea Alemania reinicia 16 centrales el\u00e9ctricas de combustibles f\u00f3siles para reducir la dependencia energ\u00e9tica de Rusia<br \/><br \/>Olaf Scholz expres\u00f3 su pesar por tal decisi\u00f3n y enfatiz\u00f3 que esta era solo una medida temporal. Scholz asegura que su gobierno har\u00e1 todo lo posible para enfrentar la crisis clim\u00e1tica.<br \/><br \/>t.me\/wixinews | wixi.es","url":"https:\/\/libranet.de\/display\/0b6b25a8-2062-d3ef-bdef-30c376760136","status_net":{"notice_id":null}},"to":[{"objectType":"http:\/\/activitystrea.ms\/schema\/1.0\/collection","id":"http:\/\/activityschema.org\/collection\/public"}],"status_net":{"conversation":"tag:bobinas.p4g.club,2022-07-17:objectType=thread:nonce=0aa2dec11df1c295","notice_info":{"local_id":"1406809","source":"ActivityPub"}},"published":"2022-07-17T11:17:24+00:00","provider":{"objectType":"service","displayName":"Bobinas P4G","url":"https:\/\/bobinas.p4g.club\/"},"verb":"post","url":"https:\/\/libranet.de\/display\/0b6b25a8-2062-d3ef-bdef-30c376760136"}],"links":[{"url":"https:\/\/bobinas.p4g.club\/conversation\/980314","rel":"alternate","type":"text\/html"}]}