{"generator":"GNU social 2.0.1-beta0","title":"Conversation","totalItems":1,"items":[{"actor":{"id":"https:\/\/libranet.de\/profile\/obiolsfriendica","displayName":"Arfran","status_net":{"avatarLinks":[{"url":"https:\/\/bobinas.p4g.club\/avatar\/15910-96-20191106174134.jpeg","rel":"avatar","type":"image\/jpeg","width":96,"height":96},{"url":"https:\/\/bobinas.p4g.club\/avatar\/15910-48-20191106174134.jpeg","rel":"avatar","type":"image\/jpeg","width":48,"height":48},{"url":"https:\/\/bobinas.p4g.club\/avatar\/15910-24-20191106174134.jpeg","rel":"avatar","type":"image\/jpeg","width":24,"height":24}],"profile_info":{"local_id":"15910"}},"image":{"url":"https:\/\/bobinas.p4g.club\/avatar\/15910-96-20191106174134.jpeg","rel":"avatar","type":"image\/jpeg","width":96,"height":96},"objectType":"person","url":"https:\/\/libranet.de\/profile\/obiolsfriendica","portablecontacts_net":{"preferredUsername":"obiolsfriendica","displayName":"Arfran"}},"content":"<a href=\"https:\/\/twitter.com\/devisvicent\/status\/1548310308174712833\">\u2672<\/a> @<a href=\"https:\/\/twitter.com\/devisvicent\" class=\"url u-url mention\" title=\"devisvicent@twitter.com\">devisvicent@twitter.com<\/a>:La fossa 126 de Paterna ja est\u00e0 buida. Veient el forat...podem imaginar-nos la salvatjada dels assassinats franquistes, planificats i premeditats (1940). No tenen perd\u00f3! \u00c9s la fossa m\u00e9s gran del cementeri amb restes de m\u00e9s de 200 afusellats.","generator":{"id":"tag:bobinas.p4g.club,2026-04-27:notice-source:ActivityPub","objectType":"application","status_net":{"source_code":"ActivityPub"}},"id":"https:\/\/libranet.de\/objects\/0b6b25a8-1662-d42d-2609-d24064496130","object":{"id":"https:\/\/libranet.de\/objects\/0b6b25a8-1662-d42d-2609-d24064496130","objectType":"note","content":"<a href=\"https:\/\/twitter.com\/devisvicent\/status\/1548310308174712833\">\u2672<\/a> @<a href=\"https:\/\/twitter.com\/devisvicent\" class=\"url u-url mention\" title=\"devisvicent@twitter.com\">devisvicent@twitter.com<\/a>:La fossa 126 de Paterna ja est\u00e0 buida. Veient el forat...podem imaginar-nos la salvatjada dels assassinats franquistes, planificats i premeditats (1940). No tenen perd\u00f3! \u00c9s la fossa m\u00e9s gran del cementeri amb restes de m\u00e9s de 200 afusellats.","url":"https:\/\/libranet.de\/display\/0b6b25a8-1662-d42d-2609-d24064496130","status_net":{"notice_id":null}},"to":[{"objectType":"http:\/\/activitystrea.ms\/schema\/1.0\/collection","id":"http:\/\/activityschema.org\/collection\/public"}],"status_net":{"conversation":"tag:bobinas.p4g.club,2022-07-17:objectType=thread:nonce=e2d01c5dd2f844a8","notice_info":{"local_id":"1406842","source":"ActivityPub"}},"published":"2022-07-17T15:39:22+00:00","provider":{"objectType":"service","displayName":"Bobinas P4G","url":"https:\/\/bobinas.p4g.club\/"},"verb":"post","url":"https:\/\/libranet.de\/display\/0b6b25a8-1662-d42d-2609-d24064496130"}],"links":[{"url":"https:\/\/bobinas.p4g.club\/conversation\/980340","rel":"alternate","type":"text\/html"}]}