{"generator":"GNU social 2.0.1-beta0","title":"Conversation","totalItems":1,"items":[{"actor":{"id":"https:\/\/libranet.de\/profile\/obiolsfriendica","displayName":"Arfran","status_net":{"avatarLinks":[{"url":"https:\/\/bobinas.p4g.club\/avatar\/15910-96-20191106174134.jpeg","rel":"avatar","type":"image\/jpeg","width":96,"height":96},{"url":"https:\/\/bobinas.p4g.club\/avatar\/15910-48-20191106174134.jpeg","rel":"avatar","type":"image\/jpeg","width":48,"height":48},{"url":"https:\/\/bobinas.p4g.club\/avatar\/15910-24-20191106174134.jpeg","rel":"avatar","type":"image\/jpeg","width":24,"height":24}],"profile_info":{"local_id":"15910"}},"image":{"url":"https:\/\/bobinas.p4g.club\/avatar\/15910-96-20191106174134.jpeg","rel":"avatar","type":"image\/jpeg","width":96,"height":96},"objectType":"person","url":"https:\/\/libranet.de\/profile\/obiolsfriendica","portablecontacts_net":{"preferredUsername":"obiolsfriendica","displayName":"Arfran"}},"content":"<a href=\"https:\/\/twitter.com\/Marta_catalonia\/status\/1548609530375839745\">\u2672<\/a> @<a href=\"https:\/\/twitter.com\/Marta_catalonia\" class=\"url u-url mention\" title=\"Marta_catalonia@twitter.com\">Marta_catalonia@twitter.com<\/a>:Ja ho va dir l'Oriol Grau per\u00f2 sempre \u00e9s bo recordar-ho. Quan Vox eren una colla de tarats que no els coneixia ni d\u00e9u i que cada acte seu era un frac\u00e0s absolut, FAQS va comen\u00e7ar a portar-los cada setmana emparant-se en qu\u00e8 els catalans som superchupiguais. Culpa eterna a FAQS! \ud83d\udc4e","generator":{"id":"tag:bobinas.p4g.club,2026-04-28:notice-source:ActivityPub","objectType":"application","status_net":{"source_code":"ActivityPub"}},"id":"https:\/\/libranet.de\/objects\/0b6b25a8-1162-d587-1637-787124054200","object":{"id":"https:\/\/libranet.de\/objects\/0b6b25a8-1162-d587-1637-787124054200","objectType":"note","content":"<a href=\"https:\/\/twitter.com\/Marta_catalonia\/status\/1548609530375839745\">\u2672<\/a> @<a href=\"https:\/\/twitter.com\/Marta_catalonia\" class=\"url u-url mention\" title=\"Marta_catalonia@twitter.com\">Marta_catalonia@twitter.com<\/a>:Ja ho va dir l'Oriol Grau per\u00f2 sempre \u00e9s bo recordar-ho. Quan Vox eren una colla de tarats que no els coneixia ni d\u00e9u i que cada acte seu era un frac\u00e0s absolut, FAQS va comen\u00e7ar a portar-los cada setmana emparant-se en qu\u00e8 els catalans som superchupiguais. Culpa eterna a FAQS! \ud83d\udc4e","url":"https:\/\/libranet.de\/display\/0b6b25a8-1162-d587-1637-787124054200","status_net":{"notice_id":null}},"to":[{"objectType":"http:\/\/activitystrea.ms\/schema\/1.0\/collection","id":"http:\/\/activityschema.org\/collection\/public"}],"status_net":{"conversation":"tag:bobinas.p4g.club,2022-07-18:objectType=thread:nonce=20d24c84c53901be","notice_info":{"local_id":"1407171","source":"ActivityPub"}},"published":"2022-07-18T16:15:21+00:00","provider":{"objectType":"service","displayName":"Bobinas P4G","url":"https:\/\/bobinas.p4g.club\/"},"verb":"post","url":"https:\/\/libranet.de\/display\/0b6b25a8-1162-d587-1637-787124054200"}],"links":[{"url":"https:\/\/bobinas.p4g.club\/conversation\/980515","rel":"alternate","type":"text\/html"}]}