{"generator":"GNU social 2.0.1-beta0","title":"Conversation","totalItems":1,"items":[{"actor":{"id":"https:\/\/libranet.de\/profile\/obiolsfriendica","displayName":"Arfran","status_net":{"avatarLinks":[{"url":"https:\/\/bobinas.p4g.club\/avatar\/15910-96-20191106174134.jpeg","rel":"avatar","type":"image\/jpeg","width":96,"height":96},{"url":"https:\/\/bobinas.p4g.club\/avatar\/15910-48-20191106174134.jpeg","rel":"avatar","type":"image\/jpeg","width":48,"height":48},{"url":"https:\/\/bobinas.p4g.club\/avatar\/15910-24-20191106174134.jpeg","rel":"avatar","type":"image\/jpeg","width":24,"height":24}],"profile_info":{"local_id":"15910"}},"image":{"url":"https:\/\/bobinas.p4g.club\/avatar\/15910-96-20191106174134.jpeg","rel":"avatar","type":"image\/jpeg","width":96,"height":96},"objectType":"person","url":"https:\/\/libranet.de\/profile\/obiolsfriendica","portablecontacts_net":{"preferredUsername":"obiolsfriendica","displayName":"Arfran"}},"content":"<a href=\"https:\/\/twitter.com\/ElisendaRosF\/status\/1548991605725712385\">\u2672<\/a> @<a href=\"https:\/\/twitter.com\/ElisendaRosF\" class=\"url u-url mention\" title=\"ElisendaRosF@twitter.com\">ElisendaRosF@twitter.com<\/a>:\u00c9s dur ser mare de l'Adela?<br \/>M'ho acaben de preguntar a la pelu.<br \/>Ho \u00e9s, i molt, depend\u00e8ncia de mi 24 hores, agotament f\u00edsic, pitjor el mental.  Agreujada la discapacitat amb una malaltia mental s\u00f3c el seu referent en tot. <br \/><br \/>L'amor \u00e9s immens per\u00f2 \u00e9s dur\u00edssim, no vull enganyar ning\u00fa","generator":{"id":"tag:bobinas.p4g.club,2026-04-27:notice-source:ActivityPub","objectType":"application","status_net":{"source_code":"ActivityPub"}},"id":"https:\/\/libranet.de\/objects\/0b6b25a8-1062-d5b5-714a-1d4095337169","object":{"id":"https:\/\/libranet.de\/objects\/0b6b25a8-1062-d5b5-714a-1d4095337169","objectType":"note","content":"<a href=\"https:\/\/twitter.com\/ElisendaRosF\/status\/1548991605725712385\">\u2672<\/a> @<a href=\"https:\/\/twitter.com\/ElisendaRosF\" class=\"url u-url mention\" title=\"ElisendaRosF@twitter.com\">ElisendaRosF@twitter.com<\/a>:\u00c9s dur ser mare de l'Adela?<br \/>M'ho acaben de preguntar a la pelu.<br \/>Ho \u00e9s, i molt, depend\u00e8ncia de mi 24 hores, agotament f\u00edsic, pitjor el mental.  Agreujada la discapacitat amb una malaltia mental s\u00f3c el seu referent en tot. <br \/><br \/>L'amor \u00e9s immens per\u00f2 \u00e9s dur\u00edssim, no vull enganyar ning\u00fa","url":"https:\/\/libranet.de\/display\/0b6b25a8-1062-d5b5-714a-1d4095337169","status_net":{"notice_id":null}},"to":[{"objectType":"http:\/\/activitystrea.ms\/schema\/1.0\/collection","id":"http:\/\/activityschema.org\/collection\/public"}],"status_net":{"conversation":"tag:bobinas.p4g.club,2022-07-18:objectType=thread:nonce=7bcba1dad0fb424a","notice_info":{"local_id":"1407192","source":"ActivityPub"}},"published":"2022-07-18T19:33:08+00:00","provider":{"objectType":"service","displayName":"Bobinas P4G","url":"https:\/\/bobinas.p4g.club\/"},"verb":"post","url":"https:\/\/libranet.de\/display\/0b6b25a8-1062-d5b5-714a-1d4095337169"}],"links":[{"url":"https:\/\/bobinas.p4g.club\/conversation\/980533","rel":"alternate","type":"text\/html"}]}