{"generator":"GNU social 2.0.1-beta0","title":"Conversation","totalItems":1,"items":[{"actor":{"id":"https:\/\/libranet.de\/profile\/obiolsfriendica","displayName":"Arfran","status_net":{"avatarLinks":[{"url":"https:\/\/bobinas.p4g.club\/avatar\/15910-96-20191106174134.jpeg","rel":"avatar","type":"image\/jpeg","width":96,"height":96},{"url":"https:\/\/bobinas.p4g.club\/avatar\/15910-48-20191106174134.jpeg","rel":"avatar","type":"image\/jpeg","width":48,"height":48},{"url":"https:\/\/bobinas.p4g.club\/avatar\/15910-24-20191106174134.jpeg","rel":"avatar","type":"image\/jpeg","width":24,"height":24}],"profile_info":{"local_id":"15910"}},"image":{"url":"https:\/\/bobinas.p4g.club\/avatar\/15910-96-20191106174134.jpeg","rel":"avatar","type":"image\/jpeg","width":96,"height":96},"objectType":"person","url":"https:\/\/libranet.de\/profile\/obiolsfriendica","portablecontacts_net":{"preferredUsername":"obiolsfriendica","displayName":"Arfran"}},"content":"<a href=\"https:\/\/twitter.com\/LaForja_Jovent\/status\/1548984387596869632\">\u2672<\/a> @<a href=\"https:\/\/twitter.com\/LaForja_Jovent\" class=\"url u-url mention\" title=\"LaForja_Jovent@twitter.com\">LaForja_Jovent@twitter.com<\/a>:\ud83d\udd19 <a href=\"https:\/\/libranet.de\/search?tag=TalDiaComAvui\" class=\"mention hashtag\" rel=\"tag\">#TalDiaComAvui<\/a> | El 18 de juliol de 1936 el poble catal\u00e0 prenia els carrers per aturar el feixisme espanyolista que ens volia esclafar com a poble.<br \/><br \/>86 anys despr\u00e9s encara patim aquesta amena\u00e7a i sabem que l\u2019\u00fanic cam\u00ed possible \u00e9s l\u2019alliberament nacional.","generator":{"id":"tag:bobinas.p4g.club,2026-04-27:notice-source:ActivityPub","objectType":"application","status_net":{"source_code":"ActivityPub"}},"id":"https:\/\/libranet.de\/objects\/0b6b25a8-1662-d5da-78e3-879644047490","object":{"id":"https:\/\/libranet.de\/objects\/0b6b25a8-1662-d5da-78e3-879644047490","objectType":"note","content":"<a href=\"https:\/\/twitter.com\/LaForja_Jovent\/status\/1548984387596869632\">\u2672<\/a> @<a href=\"https:\/\/twitter.com\/LaForja_Jovent\" class=\"url u-url mention\" title=\"LaForja_Jovent@twitter.com\">LaForja_Jovent@twitter.com<\/a>:\ud83d\udd19 <a href=\"https:\/\/libranet.de\/search?tag=TalDiaComAvui\" class=\"mention hashtag\" rel=\"tag\">#TalDiaComAvui<\/a> | El 18 de juliol de 1936 el poble catal\u00e0 prenia els carrers per aturar el feixisme espanyolista que ens volia esclafar com a poble.<br \/><br \/>86 anys despr\u00e9s encara patim aquesta amena\u00e7a i sabem que l\u2019\u00fanic cam\u00ed possible \u00e9s l\u2019alliberament nacional.","url":"https:\/\/libranet.de\/display\/0b6b25a8-1662-d5da-78e3-879644047490","status_net":{"notice_id":null},"tags":[{"objectType":"http:\/\/activityschema.org\/object\/hashtag","displayName":"taldiacomavui"}]},"to":[{"objectType":"http:\/\/activitystrea.ms\/schema\/1.0\/collection","id":"http:\/\/activityschema.org\/collection\/public"}],"status_net":{"conversation":"tag:bobinas.p4g.club,2022-07-18:objectType=thread:nonce=12a5aae374b26807","notice_info":{"local_id":"1407230","source":"ActivityPub"}},"published":"2022-07-18T22:11:19+00:00","provider":{"objectType":"service","displayName":"Bobinas P4G","url":"https:\/\/bobinas.p4g.club\/"},"verb":"post","url":"https:\/\/libranet.de\/display\/0b6b25a8-1662-d5da-78e3-879644047490"}],"links":[{"url":"https:\/\/bobinas.p4g.club\/conversation\/980561","rel":"alternate","type":"text\/html"}]}