{"generator":"GNU social 2.0.1-beta0","title":"Conversation","totalItems":1,"items":[{"actor":{"id":"https:\/\/libranet.de\/profile\/obiolsfriendica","displayName":"Arfran","status_net":{"avatarLinks":[{"url":"https:\/\/bobinas.p4g.club\/avatar\/15910-96-20191106174134.jpeg","rel":"avatar","type":"image\/jpeg","width":96,"height":96},{"url":"https:\/\/bobinas.p4g.club\/avatar\/15910-48-20191106174134.jpeg","rel":"avatar","type":"image\/jpeg","width":48,"height":48},{"url":"https:\/\/bobinas.p4g.club\/avatar\/15910-24-20191106174134.jpeg","rel":"avatar","type":"image\/jpeg","width":24,"height":24}],"profile_info":{"local_id":"15910"}},"image":{"url":"https:\/\/bobinas.p4g.club\/avatar\/15910-96-20191106174134.jpeg","rel":"avatar","type":"image\/jpeg","width":96,"height":96},"objectType":"person","url":"https:\/\/libranet.de\/profile\/obiolsfriendica","portablecontacts_net":{"preferredUsername":"obiolsfriendica","displayName":"Arfran"}},"content":"<a href=\"https:\/\/twitter.com\/OncoLucus\/status\/1549141765562802179\">\u2672<\/a> @<a href=\"https:\/\/twitter.com\/OncoLucus\" class=\"url u-url mention\" title=\"OncoLucus@twitter.com\">OncoLucus@twitter.com<\/a>:Pues el interior vac\u00edo (y precioso) de Galicia est\u00e1 ardiendo sin control. Por qu\u00e9 ser\u00e1? Por el viento? O porque NUNCA se ha hecho nada por \u00e9l... <a href=\"https:\/\/libranet.de\/search?tag=GaliciaArdendo\" class=\"mention hashtag\" rel=\"tag\">#GaliciaArdendo<\/a>","generator":{"id":"tag:bobinas.p4g.club,2026-04-27:notice-source:ActivityPub","objectType":"application","status_net":{"source_code":"ActivityPub"}},"id":"https:\/\/libranet.de\/objects\/0b6b25a8-1962-d5da-8b38-fa5060507404","object":{"id":"https:\/\/libranet.de\/objects\/0b6b25a8-1962-d5da-8b38-fa5060507404","objectType":"note","content":"<a href=\"https:\/\/twitter.com\/OncoLucus\/status\/1549141765562802179\">\u2672<\/a> @<a href=\"https:\/\/twitter.com\/OncoLucus\" class=\"url u-url mention\" title=\"OncoLucus@twitter.com\">OncoLucus@twitter.com<\/a>:Pues el interior vac\u00edo (y precioso) de Galicia est\u00e1 ardiendo sin control. Por qu\u00e9 ser\u00e1? Por el viento? O porque NUNCA se ha hecho nada por \u00e9l... <a href=\"https:\/\/libranet.de\/search?tag=GaliciaArdendo\" class=\"mention hashtag\" rel=\"tag\">#GaliciaArdendo<\/a>","url":"https:\/\/libranet.de\/display\/0b6b25a8-1962-d5da-8b38-fa5060507404","status_net":{"notice_id":null},"tags":[{"objectType":"http:\/\/activityschema.org\/object\/hashtag","displayName":"galiciaardendo"}]},"to":[{"objectType":"http:\/\/activitystrea.ms\/schema\/1.0\/collection","id":"http:\/\/activityschema.org\/collection\/public"}],"status_net":{"conversation":"tag:bobinas.p4g.club,2022-07-18:objectType=thread:nonce=30378a25a8ed55b7","notice_info":{"local_id":"1407231","source":"ActivityPub"}},"published":"2022-07-18T22:11:30+00:00","provider":{"objectType":"service","displayName":"Bobinas P4G","url":"https:\/\/bobinas.p4g.club\/"},"verb":"post","url":"https:\/\/libranet.de\/display\/0b6b25a8-1962-d5da-8b38-fa5060507404"}],"links":[{"url":"https:\/\/bobinas.p4g.club\/conversation\/980562","rel":"alternate","type":"text\/html"}]}