{"generator":"GNU social 2.0.1-beta0","title":"Conversation","totalItems":1,"items":[{"actor":{"id":"https:\/\/libranet.de\/profile\/obiolsfriendica","displayName":"Arfran","status_net":{"avatarLinks":[{"url":"https:\/\/bobinas.p4g.club\/avatar\/15910-96-20191106174134.jpeg","rel":"avatar","type":"image\/jpeg","width":96,"height":96},{"url":"https:\/\/bobinas.p4g.club\/avatar\/15910-48-20191106174134.jpeg","rel":"avatar","type":"image\/jpeg","width":48,"height":48},{"url":"https:\/\/bobinas.p4g.club\/avatar\/15910-24-20191106174134.jpeg","rel":"avatar","type":"image\/jpeg","width":24,"height":24}],"profile_info":{"local_id":"15910"}},"image":{"url":"https:\/\/bobinas.p4g.club\/avatar\/15910-96-20191106174134.jpeg","rel":"avatar","type":"image\/jpeg","width":96,"height":96},"objectType":"person","url":"https:\/\/libranet.de\/profile\/obiolsfriendica","portablecontacts_net":{"preferredUsername":"obiolsfriendica","displayName":"Arfran"}},"content":"<a href=\"https:\/\/twitter.com\/piquebosch\/status\/1548751584141664265\">\u2672<\/a> @<a href=\"https:\/\/twitter.com\/piquebosch\" class=\"url u-url mention\" title=\"piquebosch@twitter.com\">piquebosch@twitter.com<\/a>:En quin male\u00eft moment la televisi\u00f3 p\u00fablica de Catalunya envia un corresponsal a un incendi a Extremadura? Que se\u2019ns crema la comarca fdp!","generator":{"id":"tag:bobinas.p4g.club,2026-04-28:notice-source:ActivityPub","objectType":"application","status_net":{"source_code":"ActivityPub"}},"id":"https:\/\/libranet.de\/objects\/0b6b25a8-5762-d5e6-a804-13e985650145","object":{"id":"https:\/\/libranet.de\/objects\/0b6b25a8-5762-d5e6-a804-13e985650145","objectType":"note","content":"<a href=\"https:\/\/twitter.com\/piquebosch\/status\/1548751584141664265\">\u2672<\/a> @<a href=\"https:\/\/twitter.com\/piquebosch\" class=\"url u-url mention\" title=\"piquebosch@twitter.com\">piquebosch@twitter.com<\/a>:En quin male\u00eft moment la televisi\u00f3 p\u00fablica de Catalunya envia un corresponsal a un incendi a Extremadura? Que se\u2019ns crema la comarca fdp!","url":"https:\/\/libranet.de\/display\/0b6b25a8-5762-d5e6-a804-13e985650145","status_net":{"notice_id":null}},"to":[{"objectType":"http:\/\/activitystrea.ms\/schema\/1.0\/collection","id":"http:\/\/activityschema.org\/collection\/public"}],"status_net":{"conversation":"tag:bobinas.p4g.club,2022-07-18:objectType=thread:nonce=632dab2d0ad2d3d9","notice_info":{"local_id":"1407246","source":"ActivityPub"}},"published":"2022-07-18T23:03:07+00:00","provider":{"objectType":"service","displayName":"Bobinas P4G","url":"https:\/\/bobinas.p4g.club\/"},"verb":"post","url":"https:\/\/libranet.de\/display\/0b6b25a8-5762-d5e6-a804-13e985650145"}],"links":[{"url":"https:\/\/bobinas.p4g.club\/conversation\/980568","rel":"alternate","type":"text\/html"}]}