{"generator":"GNU social 2.0.1-beta0","title":"Conversation","totalItems":3,"items":[{"actor":{"id":"https:\/\/libranet.de\/profile\/obiolsfriendica","displayName":"Arfran","status_net":{"avatarLinks":[{"url":"https:\/\/bobinas.p4g.club\/avatar\/15910-96-20191106174134.jpeg","rel":"avatar","type":"image\/jpeg","width":96,"height":96},{"url":"https:\/\/bobinas.p4g.club\/avatar\/15910-48-20191106174134.jpeg","rel":"avatar","type":"image\/jpeg","width":48,"height":48},{"url":"https:\/\/bobinas.p4g.club\/avatar\/15910-24-20191106174134.jpeg","rel":"avatar","type":"image\/jpeg","width":24,"height":24}],"profile_info":{"local_id":"15910"}},"image":{"url":"https:\/\/bobinas.p4g.club\/avatar\/15910-96-20191106174134.jpeg","rel":"avatar","type":"image\/jpeg","width":96,"height":96},"objectType":"person","url":"https:\/\/libranet.de\/profile\/obiolsfriendica","portablecontacts_net":{"preferredUsername":"obiolsfriendica","displayName":"Arfran"}},"content":"RT @obiolsfriendica @aguasmenores Yo personalmente prefiero que den autonom\u00eda a la \u00fanica regi\u00f3n de Espa\u00f1a (de las que exist\u00edan en 1978 y recoge la constituci\u00f3n) que no tiene Autonom\u00eda.Si te parecen muchas autonom\u00edas, que quiten las comunidades artificiales que hicieron entonces: Madrid, La Rioja y Cantabria.","generator":{"id":"tag:bobinas.p4g.club,2026-04-28:notice-source:ActivityPub","objectType":"application","status_net":{"source_code":"ActivityPub"}},"id":"https:\/\/libranet.de\/objects\/0b6b25a8-5262-d721-8305-6cc166796588\/Announce","object":{"id":"https:\/\/mastodon.social\/users\/aguasmenores\/statuses\/108676068969550732","objectType":"note","content":"<p>Los bomberos de Castilla y Le\u00f3n piden que el Estado asuma el control ante la incapacidad de la Junta<br \/><a href=\"https:\/\/www.publico.es\/sociedad\/bomberos-castilla-leon-piden-asuma-control-incapacidad-junta.html\" rel=\"nofollow noreferrer\">https:\/\/www.publico.es\/sociedad\/bomberos-castilla-leon-piden-asuma-control-incapacidad-junta.html<\/a><\/p><p>Ya puestos que hagan un refer\u00e9ndum para devolver las competencias de la autonom\u00eda al Estado. Al fin y al cabo han votado mayoritariamente a partidos que est\u00e1n a favor de ello.<\/p>","url":"https:\/\/mastodon.social\/@aguasmenores\/108676068969550732","status_net":{"notice_id":null}},"to":[{"objectType":"http:\/\/activitystrea.ms\/schema\/1.0\/collection","id":"http:\/\/activityschema.org\/collection\/public"}],"status_net":{"conversation":"tag:bobinas.p4g.club,2022-07-19:objectType=thread:nonce=4fe86263086c165b","notice_info":{"local_id":"1407551","source":"ActivityPub","repeat_of":"1407548"}},"published":"2022-07-19T21:27:21+00:00","provider":{"objectType":"service","displayName":"Bobinas P4G","url":"https:\/\/bobinas.p4g.club\/"},"title":"obiolsfriendica repeated a notice by aguasmenores","verb":"share","url":"https:\/\/libranet.de\/objects\/0b6b25a8-5262-d721-8305-6cc166796588\/Announce"},{"actor":{"id":"https:\/\/mastodon.social\/users\/aguasmenores","displayName":"aguasmenores","status_net":{"avatarLinks":[{"url":"https:\/\/bobinas.p4g.club\/theme\/neo-gnu\/default-avatar-profile.png","rel":"avatar","type":"image\/png","width":96,"height":96},{"url":"https:\/\/bobinas.p4g.club\/avatar\/21184-48-20190905070448.jpeg","rel":"avatar","type":"image\/jpeg","width":48,"height":48},{"url":"https:\/\/bobinas.p4g.club\/theme\/neo-gnu\/default-avatar-mini.png","rel":"avatar","type":"image\/png","width":24,"height":24}],"profile_info":{"local_id":"21184"}},"image":{"url":"https:\/\/bobinas.p4g.club\/theme\/neo-gnu\/default-avatar-profile.png","rel":"avatar","type":"image\/png","width":96,"height":96},"objectType":"person","url":"https:\/\/mastodon.social\/@aguasmenores","portablecontacts_net":{"preferredUsername":"aguasmenores","displayName":"aguasmenores"}},"content":"<p>Los bomberos de Castilla y Le\u00f3n piden que el Estado asuma el control ante la incapacidad de la Junta<br \/><a href=\"https:\/\/www.publico.es\/sociedad\/bomberos-castilla-leon-piden-asuma-control-incapacidad-junta.html\" rel=\"nofollow noreferrer\">https:\/\/www.publico.es\/sociedad\/bomberos-castilla-leon-piden-asuma-control-incapacidad-junta.html<\/a><\/p><p>Ya puestos que hagan un refer\u00e9ndum para devolver las competencias de la autonom\u00eda al Estado. Al fin y al cabo han votado mayoritariamente a partidos que est\u00e1n a favor de ello.<\/p>","generator":{"id":"tag:bobinas.p4g.club,2026-04-28:notice-source:ActivityPub","objectType":"application","status_net":{"source_code":"ActivityPub"}},"id":"https:\/\/mastodon.social\/users\/aguasmenores\/statuses\/108676068969550732","object":{"id":"https:\/\/mastodon.social\/users\/aguasmenores\/statuses\/108676068969550732","objectType":"note","content":"<p>Los bomberos de Castilla y Le\u00f3n piden que el Estado asuma el control ante la incapacidad de la Junta<br \/><a href=\"https:\/\/www.publico.es\/sociedad\/bomberos-castilla-leon-piden-asuma-control-incapacidad-junta.html\" rel=\"nofollow noreferrer\">https:\/\/www.publico.es\/sociedad\/bomberos-castilla-leon-piden-asuma-control-incapacidad-junta.html<\/a><\/p><p>Ya puestos que hagan un refer\u00e9ndum para devolver las competencias de la autonom\u00eda al Estado. Al fin y al cabo han votado mayoritariamente a partidos que est\u00e1n a favor de ello.<\/p>","url":"https:\/\/mastodon.social\/@aguasmenores\/108676068969550732","status_net":{"notice_id":null}},"to":[{"objectType":"http:\/\/activitystrea.ms\/schema\/1.0\/collection","id":"http:\/\/activityschema.org\/collection\/public"}],"status_net":{"conversation":"tag:bobinas.p4g.club,2022-07-19:objectType=thread:nonce=4fe86263086c165b","notice_info":{"local_id":"1407548","source":"ActivityPub"}},"published":"2022-07-19T21:27:18+00:00","provider":{"objectType":"service","displayName":"Bobinas P4G","url":"https:\/\/bobinas.p4g.club\/"},"verb":"post","url":"https:\/\/mastodon.social\/@aguasmenores\/108676068969550732"},{"actor":{"id":"https:\/\/qoto.org\/users\/expatriado","displayName":"Expatriado leonesista\ud83e\udd81","status_net":{"avatarLinks":[{"url":"https:\/\/bobinas.p4g.club\/theme\/neo-gnu\/default-avatar-profile.png","rel":"avatar","type":"image\/png","width":96,"height":96},{"url":"https:\/\/bobinas.p4g.club\/theme\/neo-gnu\/default-avatar-stream.png","rel":"avatar","type":"image\/png","width":48,"height":48},{"url":"https:\/\/bobinas.p4g.club\/theme\/neo-gnu\/default-avatar-mini.png","rel":"avatar","type":"image\/png","width":24,"height":24}],"profile_info":{"local_id":"30519"}},"image":{"url":"https:\/\/bobinas.p4g.club\/theme\/neo-gnu\/default-avatar-profile.png","rel":"avatar","type":"image\/png","width":96,"height":96},"objectType":"person","summary":"Perteneciente a la Regi\u00f3n Leonesa. Publicar\u00e9 noticias y reflexiones relativas a la Regi\u00f3n Leonesa#RegionLeonesa #PaisLeones #Lexit#nobot","url":"https:\/\/qoto.org\/@expatriado","portablecontacts_net":{"preferredUsername":"expatriado","displayName":"Expatriado leonesista\ud83e\udd81","note":"Perteneciente a la Regi\u00f3n Leonesa. Publicar\u00e9 noticias y reflexiones relativas a la Regi\u00f3n Leonesa#RegionLeonesa #PaisLeones #Lexit#nobot"}},"content":"<p><a href=\"https:\/\/mastodon.social\/@aguasmenores\" class=\"u-url mention\">@aguasmenores<\/a> Yo personalmente prefiero que den autonom\u00eda a la \u00fanica regi\u00f3n de Espa\u00f1a (de las que exist\u00edan en 1978 y recoge la constituci\u00f3n) que no tiene Autonom\u00eda.<\/p><p>Si te parecen muchas autonom\u00edas, que quiten las comunidades artificiales que hicieron entonces: Madrid, La Rioja y Cantabria.<\/p>","generator":{"id":"tag:bobinas.p4g.club,2026-04-28:notice-source:ActivityPub","objectType":"application","status_net":{"source_code":"ActivityPub"}},"id":"https:\/\/qoto.org\/users\/expatriado\/statuses\/108676117252197111","object":{"id":"https:\/\/qoto.org\/users\/expatriado\/statuses\/108676117252197111","objectType":"note","content":"<p><a href=\"https:\/\/mastodon.social\/@aguasmenores\" class=\"u-url mention\">@aguasmenores<\/a> Yo personalmente prefiero que den autonom\u00eda a la \u00fanica regi\u00f3n de Espa\u00f1a (de las que exist\u00edan en 1978 y recoge la constituci\u00f3n) que no tiene Autonom\u00eda.<\/p><p>Si te parecen muchas autonom\u00edas, que quiten las comunidades artificiales que hicieron entonces: Madrid, La Rioja y Cantabria.<\/p>","url":"https:\/\/qoto.org\/@expatriado\/108676117252197111","status_net":{"notice_id":null},"inReplyTo":{"objectType":"note","id":"https:\/\/mastodon.social\/users\/aguasmenores\/statuses\/108676068969550732","url":"https:\/\/mastodon.social\/@aguasmenores\/108676068969550732"}},"to":[{"objectType":"http:\/\/activitystrea.ms\/schema\/1.0\/person","id":"https:\/\/mastodon.social\/users\/aguasmenores"},{"objectType":"http:\/\/activitystrea.ms\/schema\/1.0\/collection","id":"http:\/\/activityschema.org\/collection\/public"}],"status_net":{"conversation":"tag:bobinas.p4g.club,2022-07-19:objectType=thread:nonce=4fe86263086c165b","notice_info":{"local_id":"1407550","source":"ActivityPub"}},"published":"2022-07-19T21:27:16+00:00","provider":{"objectType":"service","displayName":"Bobinas P4G","url":"https:\/\/bobinas.p4g.club\/"},"verb":"post","url":"https:\/\/qoto.org\/@expatriado\/108676117252197111"}],"links":[{"url":"https:\/\/bobinas.p4g.club\/conversation\/980756","rel":"alternate","type":"text\/html"}]}