{"generator":"GNU social 2.0.1-beta0","title":"Conversation","totalItems":1,"items":[{"actor":{"id":"https:\/\/libranet.de\/profile\/obiolsfriendica","displayName":"Arfran","status_net":{"avatarLinks":[{"url":"https:\/\/bobinas.p4g.club\/avatar\/15910-96-20191106174134.jpeg","rel":"avatar","type":"image\/jpeg","width":96,"height":96},{"url":"https:\/\/bobinas.p4g.club\/avatar\/15910-48-20191106174134.jpeg","rel":"avatar","type":"image\/jpeg","width":48,"height":48},{"url":"https:\/\/bobinas.p4g.club\/avatar\/15910-24-20191106174134.jpeg","rel":"avatar","type":"image\/jpeg","width":24,"height":24}],"profile_info":{"local_id":"15910"}},"image":{"url":"https:\/\/bobinas.p4g.club\/avatar\/15910-96-20191106174134.jpeg","rel":"avatar","type":"image\/jpeg","width":96,"height":96},"objectType":"person","url":"https:\/\/libranet.de\/profile\/obiolsfriendica","portablecontacts_net":{"preferredUsername":"obiolsfriendica","displayName":"Arfran"}},"content":"<a href=\"https:\/\/twitter.com\/Cocteau44283315\/status\/1549721890616401921\">\u2672<\/a> @<a href=\"https:\/\/twitter.com\/Cocteau44283315\" class=\"url u-url mention\" title=\"Cocteau44283315@twitter.com\">Cocteau44283315@twitter.com<\/a>:Imagino que les Facultats de Periodisme tenen programada la visita obligada a aquesta exposici\u00f3. Tota una lli\u00e7\u00f3 d'\u00e8tica period\u00edstica.","generator":{"id":"tag:bobinas.p4g.club,2026-04-28:notice-source:ActivityPub","objectType":"application","status_net":{"source_code":"ActivityPub"}},"id":"https:\/\/libranet.de\/objects\/0b6b25a8-1262-d7ec-2905-e3b178845444","object":{"id":"https:\/\/libranet.de\/objects\/0b6b25a8-1262-d7ec-2905-e3b178845444","objectType":"note","content":"<a href=\"https:\/\/twitter.com\/Cocteau44283315\/status\/1549721890616401921\">\u2672<\/a> @<a href=\"https:\/\/twitter.com\/Cocteau44283315\" class=\"url u-url mention\" title=\"Cocteau44283315@twitter.com\">Cocteau44283315@twitter.com<\/a>:Imagino que les Facultats de Periodisme tenen programada la visita obligada a aquesta exposici\u00f3. Tota una lli\u00e7\u00f3 d'\u00e8tica period\u00edstica.","url":"https:\/\/libranet.de\/display\/0b6b25a8-1262-d7ec-2905-e3b178845444","status_net":{"notice_id":null}},"to":[{"objectType":"http:\/\/activitystrea.ms\/schema\/1.0\/collection","id":"http:\/\/activityschema.org\/collection\/public"}],"status_net":{"conversation":"tag:bobinas.p4g.club,2022-07-20:objectType=thread:nonce=90f08b53eeb9729c","notice_info":{"local_id":"1407678","source":"ActivityPub"}},"published":"2022-07-20T11:51:10+00:00","provider":{"objectType":"service","displayName":"Bobinas P4G","url":"https:\/\/bobinas.p4g.club\/"},"verb":"post","url":"https:\/\/libranet.de\/display\/0b6b25a8-1262-d7ec-2905-e3b178845444"}],"links":[{"url":"https:\/\/bobinas.p4g.club\/conversation\/980837","rel":"alternate","type":"text\/html"}]}