{"generator":"GNU social 2.0.1-beta0","title":"Conversation","totalItems":1,"items":[{"actor":{"id":"https:\/\/libranet.de\/profile\/obiolsfriendica","displayName":"Arfran","status_net":{"avatarLinks":[{"url":"https:\/\/bobinas.p4g.club\/avatar\/15910-96-20191106174134.jpeg","rel":"avatar","type":"image\/jpeg","width":96,"height":96},{"url":"https:\/\/bobinas.p4g.club\/avatar\/15910-48-20191106174134.jpeg","rel":"avatar","type":"image\/jpeg","width":48,"height":48},{"url":"https:\/\/bobinas.p4g.club\/avatar\/15910-24-20191106174134.jpeg","rel":"avatar","type":"image\/jpeg","width":24,"height":24}],"profile_info":{"local_id":"15910"}},"image":{"url":"https:\/\/bobinas.p4g.club\/avatar\/15910-96-20191106174134.jpeg","rel":"avatar","type":"image\/jpeg","width":96,"height":96},"objectType":"person","url":"https:\/\/libranet.de\/profile\/obiolsfriendica","portablecontacts_net":{"preferredUsername":"obiolsfriendica","displayName":"Arfran"}},"content":"<a href=\"https:\/\/twitter.com\/AgustiColomines\/status\/1549708151246790656\">\u2672<\/a> @<a href=\"https:\/\/twitter.com\/AgustiColomines\" class=\"url u-url mention\" title=\"AgustiColomines@twitter.com\">AgustiColomines@twitter.com<\/a>:Quina barbaritat!! Demanen set anys de pres\u00f3 per al meu nebot, Francesc Colomines, per la manifestaci\u00f3 d'Urquinaona de 2019. La repressi\u00f3 no para!!! <a href=\"https:\/\/www.vilaweb.cat\/noticies\/set-anys-preso-francesc-colomines-protestes-sentencia\/\" rel=\"noreferrer\">vilaweb.cat\/noticies\/set-a\u2026<\/a>","generator":{"id":"tag:bobinas.p4g.club,2026-04-27:notice-source:ActivityPub","objectType":"application","status_net":{"source_code":"ActivityPub"}},"id":"https:\/\/libranet.de\/objects\/0b6b25a8-1162-da7e-480c-00e513708481","object":{"id":"https:\/\/libranet.de\/objects\/0b6b25a8-1162-da7e-480c-00e513708481","objectType":"note","content":"<a href=\"https:\/\/twitter.com\/AgustiColomines\/status\/1549708151246790656\">\u2672<\/a> @<a href=\"https:\/\/twitter.com\/AgustiColomines\" class=\"url u-url mention\" title=\"AgustiColomines@twitter.com\">AgustiColomines@twitter.com<\/a>:Quina barbaritat!! Demanen set anys de pres\u00f3 per al meu nebot, Francesc Colomines, per la manifestaci\u00f3 d'Urquinaona de 2019. La repressi\u00f3 no para!!! <a href=\"https:\/\/www.vilaweb.cat\/noticies\/set-anys-preso-francesc-colomines-protestes-sentencia\/\" rel=\"noreferrer\">vilaweb.cat\/noticies\/set-a\u2026<\/a>","url":"https:\/\/libranet.de\/display\/0b6b25a8-1162-da7e-480c-00e513708481","status_net":{"notice_id":null}},"to":[{"objectType":"http:\/\/activitystrea.ms\/schema\/1.0\/collection","id":"http:\/\/activityschema.org\/collection\/public"}],"status_net":{"conversation":"tag:bobinas.p4g.club,2022-07-22:objectType=thread:nonce=d48e2468bfdf8ee6","notice_info":{"local_id":"1408165","source":"ActivityPub"}},"published":"2022-07-22T10:39:11+00:00","provider":{"objectType":"service","displayName":"Bobinas P4G","url":"https:\/\/bobinas.p4g.club\/"},"verb":"post","url":"https:\/\/libranet.de\/display\/0b6b25a8-1162-da7e-480c-00e513708481"}],"links":[{"url":"https:\/\/bobinas.p4g.club\/conversation\/981141","rel":"alternate","type":"text\/html"}]}